{"id":246,"date":"2017-04-18T11:18:57","date_gmt":"2017-04-18T09:18:57","guid":{"rendered":"https:\/\/www.doqpriorat.org\/sense-categoria\/a-hundred-years-of-the-cooperative-movement-in-bellmunt-del-priorat\/"},"modified":"2019-01-25T10:47:44","modified_gmt":"2019-01-25T08:47:44","slug":"a-hundred-years-of-the-cooperative-movement-in-bellmunt-del-priorat","status":"publish","type":"post","link":"https:\/\/www.doqpriorat.org\/en\/priorat-heartbeats\/a-hundred-years-of-the-cooperative-movement-in-bellmunt-del-priorat\/","title":{"rendered":"A hundred years of the cooperative movement in Bellmunt del Priorat"},"content":{"rendered":"<p>\n\tA hundred years of the cooperative moment, a hundred years of teamwork in Priorat. Various cooperatives are commemorating this year their first century since they were created, a time where the hard work of the lands and trying to overcome adversities has allowed them to guarantee, these days, the production of some of the most highly regarded vines in the world.&nbsp;<\/p>\n<p>\n\t<img decoding=\"async\" class=\" size-full wp-image-232\" alt=\"\" src=\"https:\/\/www.doqpriorat.org\/wp-content\/uploads\/2017\/04\/Captura-de-pantalla-2017-04-13-a-las-11_05_07.png\"  width=\"1000\" height=\"757\" srcset=\"https:\/\/www.doqpriorat.org\/wp-content\/uploads\/2017\/04\/Captura-de-pantalla-2017-04-13-a-las-11_05_07-200x151.png 200w, https:\/\/www.doqpriorat.org\/wp-content\/uploads\/2017\/04\/Captura-de-pantalla-2017-04-13-a-las-11_05_07-300x227.png 300w, https:\/\/www.doqpriorat.org\/wp-content\/uploads\/2017\/04\/Captura-de-pantalla-2017-04-13-a-las-11_05_07-400x303.png 400w, https:\/\/www.doqpriorat.org\/wp-content\/uploads\/2017\/04\/Captura-de-pantalla-2017-04-13-a-las-11_05_07-600x454.png 600w, https:\/\/www.doqpriorat.org\/wp-content\/uploads\/2017\/04\/Captura-de-pantalla-2017-04-13-a-las-11_05_07-768x581.png 768w, https:\/\/www.doqpriorat.org\/wp-content\/uploads\/2017\/04\/Captura-de-pantalla-2017-04-13-a-las-11_05_07-800x606.png 800w, https:\/\/www.doqpriorat.org\/wp-content\/uploads\/2017\/04\/Captura-de-pantalla-2017-04-13-a-las-11_05_07.png 1000w\" sizes=\"(max-width: 1000px) 100vw, 1000px\" \/><\/p>\n<p>\n\tBellmunt del Priorat\u2019s Cooperative will host, between 15 April and 14 May, a showing that exhibits the history of the local cooperative moment by using some of the tools Carmen Pallach, Maria Teresa Torn\u00e9 and Maria Secall have been collecting from the various rural houses in the village. Thanks to the land\u2019s machinery and utensils, one can trace farmers\u2019 life on crops such as olives and vines. This is a wide range of historical images that help rounding up and contextualizing the showing.&nbsp;<\/p>\n<p>\n\t<img decoding=\"async\" class=\" size-full wp-image-236\" alt=\"\" src=\"https:\/\/www.doqpriorat.org\/wp-content\/uploads\/2017\/04\/Captura-de-pantalla-2017-04-13-a-las-11_06_362.png\"  width=\"1000\" height=\"663\" srcset=\"https:\/\/www.doqpriorat.org\/wp-content\/uploads\/2017\/04\/Captura-de-pantalla-2017-04-13-a-las-11_06_362-200x133.png 200w, https:\/\/www.doqpriorat.org\/wp-content\/uploads\/2017\/04\/Captura-de-pantalla-2017-04-13-a-las-11_06_362-300x199.png 300w, https:\/\/www.doqpriorat.org\/wp-content\/uploads\/2017\/04\/Captura-de-pantalla-2017-04-13-a-las-11_06_362-400x265.png 400w, https:\/\/www.doqpriorat.org\/wp-content\/uploads\/2017\/04\/Captura-de-pantalla-2017-04-13-a-las-11_06_362-600x398.png 600w, https:\/\/www.doqpriorat.org\/wp-content\/uploads\/2017\/04\/Captura-de-pantalla-2017-04-13-a-las-11_06_362-768x509.png 768w, https:\/\/www.doqpriorat.org\/wp-content\/uploads\/2017\/04\/Captura-de-pantalla-2017-04-13-a-las-11_06_362-800x530.png 800w, https:\/\/www.doqpriorat.org\/wp-content\/uploads\/2017\/04\/Captura-de-pantalla-2017-04-13-a-las-11_06_362.png 1000w\" sizes=\"(max-width: 1000px) 100vw, 1000px\" \/><\/p>\n<p>\n\tBellmunt\u2019s Cooperative was born to \u201cguarantee a higher and fairer price for unpacked wine, previously and mostly sold in France\u201d, says Joan Barcel\u00f3 Mart\u00ednez, current president of the entity. They used to grow Garnacha, Cari\u00f1ena\u2026 which slowly gained higher prestige, but also a higher price.&nbsp;<\/p>\n<p>\n\t<img decoding=\"async\" class=\" size-full wp-image-240\" alt=\"\" src=\"https:\/\/www.doqpriorat.org\/wp-content\/uploads\/2017\/04\/Captura-de-pantalla-2017-04-13-a-las-11_05_551.png\"  width=\"1000\" height=\"668\" srcset=\"https:\/\/www.doqpriorat.org\/wp-content\/uploads\/2017\/04\/Captura-de-pantalla-2017-04-13-a-las-11_05_551-200x134.png 200w, https:\/\/www.doqpriorat.org\/wp-content\/uploads\/2017\/04\/Captura-de-pantalla-2017-04-13-a-las-11_05_551-300x200.png 300w, https:\/\/www.doqpriorat.org\/wp-content\/uploads\/2017\/04\/Captura-de-pantalla-2017-04-13-a-las-11_05_551-400x267.png 400w, https:\/\/www.doqpriorat.org\/wp-content\/uploads\/2017\/04\/Captura-de-pantalla-2017-04-13-a-las-11_05_551-600x401.png 600w, https:\/\/www.doqpriorat.org\/wp-content\/uploads\/2017\/04\/Captura-de-pantalla-2017-04-13-a-las-11_05_551-768x513.png 768w, https:\/\/www.doqpriorat.org\/wp-content\/uploads\/2017\/04\/Captura-de-pantalla-2017-04-13-a-las-11_05_551-800x534.png 800w, https:\/\/www.doqpriorat.org\/wp-content\/uploads\/2017\/04\/Captura-de-pantalla-2017-04-13-a-las-11_05_551.png 1000w\" sizes=\"(max-width: 1000px) 100vw, 1000px\" \/><\/p>\n<p>\n\tFor decades, Bellmunt\u2019s Cooperative shared economic prominence with the so-called \u201cMines\u201d, as the main economic and social engines in this Priorat village. Now, \u201cMines\u201d have been turned into a cultural and tourist piece of equipment, and Cooperative now has 35 partners, far from the 150 it had over their golden age. However, future is about optimism: \u201cWe have new young partners and harvests that been sold already!\u201d, claims Joan Barcel\u00f3, as he also adds vine production is sold to various cellars within Priorat.<\/p>\n<p>\n\tThe&nbsp;<a href=\"\/www.casagrandelsiurana.com\">Casa Gran del Siurana<\/a>&nbsp;cellar, which belongs to Castell de Peralada, is the current tenant of the Cooperative\u2019s facilities. Here\u2019s where their wines are made: GR-174, Cruor, Gran Cruor, La Feredat and Gran Cruor Cari\u00f1ena, explains Jordi Alentorn, person responsible for the vineyards. The arrival, some years ago, of the above-mentioned cellar to Bellmunt\u2019s Cooperative meant a financial injection that, at the same time, guaranteed the continuity \u2013in the Cooperative\u2019s facilities\u2013 of wine production. Currently, Casa Gran del Siurana and the Cooperative share prominence in this centenary celebration.<\/p>\n","protected":false},"excerpt":{"rendered":"<p>A hundred years of the cooperative moment, a hundred years [&hellip;]<\/p>\n","protected":false},"author":1,"featured_media":232,"comment_status":"closed","ping_status":"closed","sticky":false,"template":"","format":"standard","meta":{"footnotes":""},"categories":[22],"tags":[],"class_list":["post-246","post","type-post","status-publish","format-standard","has-post-thumbnail","hentry","category-priorat-heartbeats"],"yoast_head":"<!-- This site is optimized with the Yoast SEO plugin v27.5 - https:\/\/yoast.com\/product\/yoast-seo-wordpress\/ -->\n<title>A hundred years of the cooperative movement in Bellmunt del Priorat - Consell Regulador de la DOQ Priorat<\/title>\n<meta name=\"robots\" content=\"index, follow, max-snippet:-1, max-image-preview:large, max-video-preview:-1\" \/>\n<link rel=\"canonical\" href=\"https:\/\/www.doqpriorat.org\/en\/priorat-heartbeats\/a-hundred-years-of-the-cooperative-movement-in-bellmunt-del-priorat\/\" \/>\n<meta property=\"og:locale\" content=\"en_US\" \/>\n<meta property=\"og:type\" content=\"article\" \/>\n<meta property=\"og:title\" content=\"A hundred years of the cooperative movement in Bellmunt del Priorat - Consell Regulador de la DOQ Priorat\" \/>\n<meta property=\"og:description\" content=\"A hundred years of the cooperative moment, a hundred years [&hellip;]\" \/>\n<meta property=\"og:url\" content=\"https:\/\/www.doqpriorat.org\/en\/priorat-heartbeats\/a-hundred-years-of-the-cooperative-movement-in-bellmunt-del-priorat\/\" \/>\n<meta property=\"og:site_name\" content=\"Consell Regulador de la DOQ Priorat\" \/>\n<meta property=\"article:published_time\" content=\"2017-04-18T09:18:57+00:00\" \/>\n<meta property=\"article:modified_time\" content=\"2019-01-25T08:47:44+00:00\" \/>\n<meta property=\"og:image\" content=\"https:\/\/www.doqpriorat.org\/wp-content\/uploads\/2017\/04\/Captura-de-pantalla-2017-04-13-a-las-11_05_07.png\" \/>\n\t<meta property=\"og:image:width\" content=\"1000\" \/>\n\t<meta property=\"og:image:height\" content=\"757\" \/>\n\t<meta property=\"og:image:type\" content=\"image\/png\" \/>\n<meta name=\"author\" content=\"doqpriorat\" \/>\n<meta name=\"twitter:card\" content=\"summary_large_image\" \/>\n<meta name=\"twitter:label1\" content=\"Written by\" \/>\n\t<meta name=\"twitter:data1\" content=\"doqpriorat\" \/>\n\t<meta name=\"twitter:label2\" content=\"Est. reading time\" \/>\n\t<meta name=\"twitter:data2\" content=\"2 minutes\" \/>\n<script type=\"application\/ld+json\" class=\"yoast-schema-graph\">{\"@context\":\"https:\\\/\\\/schema.org\",\"@graph\":[{\"@type\":\"Article\",\"@id\":\"https:\\\/\\\/www.doqpriorat.org\\\/en\\\/priorat-heartbeats\\\/a-hundred-years-of-the-cooperative-movement-in-bellmunt-del-priorat\\\/#article\",\"isPartOf\":{\"@id\":\"https:\\\/\\\/www.doqpriorat.org\\\/en\\\/priorat-heartbeats\\\/a-hundred-years-of-the-cooperative-movement-in-bellmunt-del-priorat\\\/\"},\"author\":{\"name\":\"doqpriorat\",\"@id\":\"https:\\\/\\\/www.doqpriorat.org\\\/#\\\/schema\\\/person\\\/aca7e5b5e07c022e495093f28e65016e\"},\"headline\":\"A hundred years of the cooperative movement in Bellmunt del Priorat\",\"datePublished\":\"2017-04-18T09:18:57+00:00\",\"dateModified\":\"2019-01-25T08:47:44+00:00\",\"mainEntityOfPage\":{\"@id\":\"https:\\\/\\\/www.doqpriorat.org\\\/en\\\/priorat-heartbeats\\\/a-hundred-years-of-the-cooperative-movement-in-bellmunt-del-priorat\\\/\"},\"wordCount\":384,\"image\":{\"@id\":\"https:\\\/\\\/www.doqpriorat.org\\\/en\\\/priorat-heartbeats\\\/a-hundred-years-of-the-cooperative-movement-in-bellmunt-del-priorat\\\/#primaryimage\"},\"thumbnailUrl\":\"https:\\\/\\\/www.doqpriorat.org\\\/wp-content\\\/uploads\\\/2017\\\/04\\\/Captura-de-pantalla-2017-04-13-a-las-11_05_07.png\",\"articleSection\":[\"Priorat Heartbeats\"],\"inLanguage\":\"en-US\"},{\"@type\":\"WebPage\",\"@id\":\"https:\\\/\\\/www.doqpriorat.org\\\/en\\\/priorat-heartbeats\\\/a-hundred-years-of-the-cooperative-movement-in-bellmunt-del-priorat\\\/\",\"url\":\"https:\\\/\\\/www.doqpriorat.org\\\/en\\\/priorat-heartbeats\\\/a-hundred-years-of-the-cooperative-movement-in-bellmunt-del-priorat\\\/\",\"name\":\"A hundred years of the cooperative movement in Bellmunt del Priorat - Consell Regulador de la DOQ Priorat\",\"isPartOf\":{\"@id\":\"https:\\\/\\\/www.doqpriorat.org\\\/#website\"},\"primaryImageOfPage\":{\"@id\":\"https:\\\/\\\/www.doqpriorat.org\\\/en\\\/priorat-heartbeats\\\/a-hundred-years-of-the-cooperative-movement-in-bellmunt-del-priorat\\\/#primaryimage\"},\"image\":{\"@id\":\"https:\\\/\\\/www.doqpriorat.org\\\/en\\\/priorat-heartbeats\\\/a-hundred-years-of-the-cooperative-movement-in-bellmunt-del-priorat\\\/#primaryimage\"},\"thumbnailUrl\":\"https:\\\/\\\/www.doqpriorat.org\\\/wp-content\\\/uploads\\\/2017\\\/04\\\/Captura-de-pantalla-2017-04-13-a-las-11_05_07.png\",\"datePublished\":\"2017-04-18T09:18:57+00:00\",\"dateModified\":\"2019-01-25T08:47:44+00:00\",\"author\":{\"@id\":\"https:\\\/\\\/www.doqpriorat.org\\\/#\\\/schema\\\/person\\\/aca7e5b5e07c022e495093f28e65016e\"},\"breadcrumb\":{\"@id\":\"https:\\\/\\\/www.doqpriorat.org\\\/en\\\/priorat-heartbeats\\\/a-hundred-years-of-the-cooperative-movement-in-bellmunt-del-priorat\\\/#breadcrumb\"},\"inLanguage\":\"en-US\",\"potentialAction\":[{\"@type\":\"ReadAction\",\"target\":[\"https:\\\/\\\/www.doqpriorat.org\\\/en\\\/priorat-heartbeats\\\/a-hundred-years-of-the-cooperative-movement-in-bellmunt-del-priorat\\\/\"]}]},{\"@type\":\"ImageObject\",\"inLanguage\":\"en-US\",\"@id\":\"https:\\\/\\\/www.doqpriorat.org\\\/en\\\/priorat-heartbeats\\\/a-hundred-years-of-the-cooperative-movement-in-bellmunt-del-priorat\\\/#primaryimage\",\"url\":\"https:\\\/\\\/www.doqpriorat.org\\\/wp-content\\\/uploads\\\/2017\\\/04\\\/Captura-de-pantalla-2017-04-13-a-las-11_05_07.png\",\"contentUrl\":\"https:\\\/\\\/www.doqpriorat.org\\\/wp-content\\\/uploads\\\/2017\\\/04\\\/Captura-de-pantalla-2017-04-13-a-las-11_05_07.png\",\"width\":1000,\"height\":757},{\"@type\":\"BreadcrumbList\",\"@id\":\"https:\\\/\\\/www.doqpriorat.org\\\/en\\\/priorat-heartbeats\\\/a-hundred-years-of-the-cooperative-movement-in-bellmunt-del-priorat\\\/#breadcrumb\",\"itemListElement\":[{\"@type\":\"ListItem\",\"position\":1,\"name\":\"Inici\",\"item\":\"https:\\\/\\\/www.doqpriorat.org\\\/en\\\/\"},{\"@type\":\"ListItem\",\"position\":2,\"name\":\"A hundred years of the cooperative movement in Bellmunt del Priorat\"}]},{\"@type\":\"WebSite\",\"@id\":\"https:\\\/\\\/www.doqpriorat.org\\\/#website\",\"url\":\"https:\\\/\\\/www.doqpriorat.org\\\/\",\"name\":\"Consell Regulador de la DOQ Priorat\",\"description\":\"Altre lloc gestionat amb el WordPress\",\"potentialAction\":[{\"@type\":\"SearchAction\",\"target\":{\"@type\":\"EntryPoint\",\"urlTemplate\":\"https:\\\/\\\/www.doqpriorat.org\\\/?s={search_term_string}\"},\"query-input\":{\"@type\":\"PropertyValueSpecification\",\"valueRequired\":true,\"valueName\":\"search_term_string\"}}],\"inLanguage\":\"en-US\"},{\"@type\":\"Person\",\"@id\":\"https:\\\/\\\/www.doqpriorat.org\\\/#\\\/schema\\\/person\\\/aca7e5b5e07c022e495093f28e65016e\",\"name\":\"doqpriorat\",\"image\":{\"@type\":\"ImageObject\",\"inLanguage\":\"en-US\",\"@id\":\"https:\\\/\\\/secure.gravatar.com\\\/avatar\\\/5413e1d6ebf16644f3b65b7d1587a9fe154bd32ef4981c78ee4dafed9a0ebe12?s=96&d=mm&r=g\",\"url\":\"https:\\\/\\\/secure.gravatar.com\\\/avatar\\\/5413e1d6ebf16644f3b65b7d1587a9fe154bd32ef4981c78ee4dafed9a0ebe12?s=96&d=mm&r=g\",\"contentUrl\":\"https:\\\/\\\/secure.gravatar.com\\\/avatar\\\/5413e1d6ebf16644f3b65b7d1587a9fe154bd32ef4981c78ee4dafed9a0ebe12?s=96&d=mm&r=g\",\"caption\":\"doqpriorat\"},\"url\":\"https:\\\/\\\/www.doqpriorat.org\\\/en\\\/author\\\/doqpriorat\\\/\"}]}<\/script>\n<!-- \/ Yoast SEO plugin. -->","yoast_head_json":{"title":"A hundred years of the cooperative movement in Bellmunt del Priorat - Consell Regulador de la DOQ Priorat","robots":{"index":"index","follow":"follow","max-snippet":"max-snippet:-1","max-image-preview":"max-image-preview:large","max-video-preview":"max-video-preview:-1"},"canonical":"https:\/\/www.doqpriorat.org\/en\/priorat-heartbeats\/a-hundred-years-of-the-cooperative-movement-in-bellmunt-del-priorat\/","og_locale":"en_US","og_type":"article","og_title":"A hundred years of the cooperative movement in Bellmunt del Priorat - Consell Regulador de la DOQ Priorat","og_description":"A hundred years of the cooperative moment, a hundred years [&hellip;]","og_url":"https:\/\/www.doqpriorat.org\/en\/priorat-heartbeats\/a-hundred-years-of-the-cooperative-movement-in-bellmunt-del-priorat\/","og_site_name":"Consell Regulador de la DOQ Priorat","article_published_time":"2017-04-18T09:18:57+00:00","article_modified_time":"2019-01-25T08:47:44+00:00","og_image":[{"width":1000,"height":757,"url":"https:\/\/www.doqpriorat.org\/wp-content\/uploads\/2017\/04\/Captura-de-pantalla-2017-04-13-a-las-11_05_07.png","type":"image\/png"}],"author":"doqpriorat","twitter_card":"summary_large_image","twitter_misc":{"Written by":"doqpriorat","Est. reading time":"2 minutes"},"schema":{"@context":"https:\/\/schema.org","@graph":[{"@type":"Article","@id":"https:\/\/www.doqpriorat.org\/en\/priorat-heartbeats\/a-hundred-years-of-the-cooperative-movement-in-bellmunt-del-priorat\/#article","isPartOf":{"@id":"https:\/\/www.doqpriorat.org\/en\/priorat-heartbeats\/a-hundred-years-of-the-cooperative-movement-in-bellmunt-del-priorat\/"},"author":{"name":"doqpriorat","@id":"https:\/\/www.doqpriorat.org\/#\/schema\/person\/aca7e5b5e07c022e495093f28e65016e"},"headline":"A hundred years of the cooperative movement in Bellmunt del Priorat","datePublished":"2017-04-18T09:18:57+00:00","dateModified":"2019-01-25T08:47:44+00:00","mainEntityOfPage":{"@id":"https:\/\/www.doqpriorat.org\/en\/priorat-heartbeats\/a-hundred-years-of-the-cooperative-movement-in-bellmunt-del-priorat\/"},"wordCount":384,"image":{"@id":"https:\/\/www.doqpriorat.org\/en\/priorat-heartbeats\/a-hundred-years-of-the-cooperative-movement-in-bellmunt-del-priorat\/#primaryimage"},"thumbnailUrl":"https:\/\/www.doqpriorat.org\/wp-content\/uploads\/2017\/04\/Captura-de-pantalla-2017-04-13-a-las-11_05_07.png","articleSection":["Priorat Heartbeats"],"inLanguage":"en-US"},{"@type":"WebPage","@id":"https:\/\/www.doqpriorat.org\/en\/priorat-heartbeats\/a-hundred-years-of-the-cooperative-movement-in-bellmunt-del-priorat\/","url":"https:\/\/www.doqpriorat.org\/en\/priorat-heartbeats\/a-hundred-years-of-the-cooperative-movement-in-bellmunt-del-priorat\/","name":"A hundred years of the cooperative movement in Bellmunt del Priorat - Consell Regulador de la DOQ Priorat","isPartOf":{"@id":"https:\/\/www.doqpriorat.org\/#website"},"primaryImageOfPage":{"@id":"https:\/\/www.doqpriorat.org\/en\/priorat-heartbeats\/a-hundred-years-of-the-cooperative-movement-in-bellmunt-del-priorat\/#primaryimage"},"image":{"@id":"https:\/\/www.doqpriorat.org\/en\/priorat-heartbeats\/a-hundred-years-of-the-cooperative-movement-in-bellmunt-del-priorat\/#primaryimage"},"thumbnailUrl":"https:\/\/www.doqpriorat.org\/wp-content\/uploads\/2017\/04\/Captura-de-pantalla-2017-04-13-a-las-11_05_07.png","datePublished":"2017-04-18T09:18:57+00:00","dateModified":"2019-01-25T08:47:44+00:00","author":{"@id":"https:\/\/www.doqpriorat.org\/#\/schema\/person\/aca7e5b5e07c022e495093f28e65016e"},"breadcrumb":{"@id":"https:\/\/www.doqpriorat.org\/en\/priorat-heartbeats\/a-hundred-years-of-the-cooperative-movement-in-bellmunt-del-priorat\/#breadcrumb"},"inLanguage":"en-US","potentialAction":[{"@type":"ReadAction","target":["https:\/\/www.doqpriorat.org\/en\/priorat-heartbeats\/a-hundred-years-of-the-cooperative-movement-in-bellmunt-del-priorat\/"]}]},{"@type":"ImageObject","inLanguage":"en-US","@id":"https:\/\/www.doqpriorat.org\/en\/priorat-heartbeats\/a-hundred-years-of-the-cooperative-movement-in-bellmunt-del-priorat\/#primaryimage","url":"https:\/\/www.doqpriorat.org\/wp-content\/uploads\/2017\/04\/Captura-de-pantalla-2017-04-13-a-las-11_05_07.png","contentUrl":"https:\/\/www.doqpriorat.org\/wp-content\/uploads\/2017\/04\/Captura-de-pantalla-2017-04-13-a-las-11_05_07.png","width":1000,"height":757},{"@type":"BreadcrumbList","@id":"https:\/\/www.doqpriorat.org\/en\/priorat-heartbeats\/a-hundred-years-of-the-cooperative-movement-in-bellmunt-del-priorat\/#breadcrumb","itemListElement":[{"@type":"ListItem","position":1,"name":"Inici","item":"https:\/\/www.doqpriorat.org\/en\/"},{"@type":"ListItem","position":2,"name":"A hundred years of the cooperative movement in Bellmunt del Priorat"}]},{"@type":"WebSite","@id":"https:\/\/www.doqpriorat.org\/#website","url":"https:\/\/www.doqpriorat.org\/","name":"Consell Regulador de la DOQ Priorat","description":"Altre lloc gestionat amb el WordPress","potentialAction":[{"@type":"SearchAction","target":{"@type":"EntryPoint","urlTemplate":"https:\/\/www.doqpriorat.org\/?s={search_term_string}"},"query-input":{"@type":"PropertyValueSpecification","valueRequired":true,"valueName":"search_term_string"}}],"inLanguage":"en-US"},{"@type":"Person","@id":"https:\/\/www.doqpriorat.org\/#\/schema\/person\/aca7e5b5e07c022e495093f28e65016e","name":"doqpriorat","image":{"@type":"ImageObject","inLanguage":"en-US","@id":"https:\/\/secure.gravatar.com\/avatar\/5413e1d6ebf16644f3b65b7d1587a9fe154bd32ef4981c78ee4dafed9a0ebe12?s=96&d=mm&r=g","url":"https:\/\/secure.gravatar.com\/avatar\/5413e1d6ebf16644f3b65b7d1587a9fe154bd32ef4981c78ee4dafed9a0ebe12?s=96&d=mm&r=g","contentUrl":"https:\/\/secure.gravatar.com\/avatar\/5413e1d6ebf16644f3b65b7d1587a9fe154bd32ef4981c78ee4dafed9a0ebe12?s=96&d=mm&r=g","caption":"doqpriorat"},"url":"https:\/\/www.doqpriorat.org\/en\/author\/doqpriorat\/"}]}},"_links":{"self":[{"href":"https:\/\/www.doqpriorat.org\/en\/wp-json\/wp\/v2\/posts\/246","targetHints":{"allow":["GET"]}}],"collection":[{"href":"https:\/\/www.doqpriorat.org\/en\/wp-json\/wp\/v2\/posts"}],"about":[{"href":"https:\/\/www.doqpriorat.org\/en\/wp-json\/wp\/v2\/types\/post"}],"author":[{"embeddable":true,"href":"https:\/\/www.doqpriorat.org\/en\/wp-json\/wp\/v2\/users\/1"}],"replies":[{"embeddable":true,"href":"https:\/\/www.doqpriorat.org\/en\/wp-json\/wp\/v2\/comments?post=246"}],"version-history":[{"count":1,"href":"https:\/\/www.doqpriorat.org\/en\/wp-json\/wp\/v2\/posts\/246\/revisions"}],"predecessor-version":[{"id":324,"href":"https:\/\/www.doqpriorat.org\/en\/wp-json\/wp\/v2\/posts\/246\/revisions\/324"}],"wp:featuredmedia":[{"embeddable":true,"href":"https:\/\/www.doqpriorat.org\/en\/wp-json\/wp\/v2\/media\/232"}],"wp:attachment":[{"href":"https:\/\/www.doqpriorat.org\/en\/wp-json\/wp\/v2\/media?parent=246"}],"wp:term":[{"taxonomy":"category","embeddable":true,"href":"https:\/\/www.doqpriorat.org\/en\/wp-json\/wp\/v2\/categories?post=246"},{"taxonomy":"post_tag","embeddable":true,"href":"https:\/\/www.doqpriorat.org\/en\/wp-json\/wp\/v2\/tags?post=246"}],"curies":[{"name":"wp","href":"https:\/\/api.w.org\/{rel}","templated":true}]}}