{"id":1287,"date":"2014-10-15T19:16:05","date_gmt":"2014-10-15T17:16:05","guid":{"rendered":"https:\/\/www.doqpriorat.org\/actualitat\/la-6a-fiesta-del-vin-blanc-el-15-de-noviembre-en-la-cartuja-de-scala-dei\/"},"modified":"2014-10-15T19:16:05","modified_gmt":"2014-10-15T17:16:05","slug":"la-6a-fiesta-del-vin-blanc-el-15-de-noviembre-en-la-cartuja-de-scala-dei","status":"publish","type":"post","link":"https:\/\/www.doqpriorat.org\/es\/actualidad\/la-6a-fiesta-del-vin-blanc-el-15-de-noviembre-en-la-cartuja-de-scala-dei\/","title":{"rendered":"La 6\u00aa Fiesta del Vin Blanc, el 15 de noviembre en la Cartuja de Scala Dei"},"content":{"rendered":"<p>\n\tLa <a href=\"http:\/\/www.mhcat.cat\/monuments\/cartoixa_d_escaladei\">Cartuja de Scala Dei<\/a>&nbsp;volver\u00e1 a ser&nbsp;el escenario&nbsp;el&nbsp;d\u00eda 2 de noviembre de la Fiesta del Vin&nbsp;Blanc&nbsp;de la Morera de Montsant y Scala Dei&nbsp;una&nbsp;convocatoria&nbsp;que&nbsp;llega&nbsp;a la sexta edici\u00f3n y que incluir\u00e1 por&nbsp;segundo&nbsp;a\u00f1o consecutivo&nbsp;la&nbsp;Muestra de Vinos&nbsp;Dulces&nbsp;y Rancios de la Denominaci\u00f3n de Origen&nbsp;Calificada Priorat. Adem\u00e1s, se&nbsp;prev\u00e9&nbsp;que&nbsp;participen&nbsp;varias&nbsp;bodegas de diferentes villas d\u2019esta&nbsp;regi\u00f3n vitivin\u00edcola&nbsp;que&nbsp;presentar\u00e1n&nbsp;sus&nbsp;vinos tranquilos a degustaci\u00f3n.<\/p>\n<p>\n\tEl acto se llevar\u00e1 a cabo dentro&nbsp;el&nbsp;recinto de la Cartuja a partir de las 10:00 h y hasta&nbsp;las 14:00 h del domingo 2 de noviembre.&nbsp;Los&nbsp;derechos&nbsp;de acceso y degustaci\u00f3n ser\u00e1n de 10 euros y permitir\u00e1n visitar&nbsp;el&nbsp;conjunto&nbsp;del recinto monumental de la Cartuja de Scala Dei,&nbsp;que incluye&nbsp;los&nbsp;espacios restaurados e inaugurados hace&nbsp;pocos&nbsp;meses.&nbsp;<br \/>\n\tComo&nbsp;el a\u00f1o&nbsp;pasado, se reservar\u00e1&nbsp;un&nbsp;espacio a diferentes expositores&nbsp;porque&nbsp;hagan&nbsp;muestra y degustaci\u00f3n de productos&nbsp;locales&nbsp;y artesan\u00eda.&nbsp;Durante&nbsp;la&nbsp;ma\u00f1ana,&nbsp;la&nbsp;cocinera&nbsp;reusense Mariona&nbsp;Cuadrada&nbsp;realizar\u00e1&nbsp;un&nbsp; taller gastron\u00f3mico a l\u2019en torno a la cocina&nbsp;local&nbsp;y con vino del Priorat.<\/p>\n<p>\n\tLa&nbsp;Fiesta del Vin&nbsp;Blanc&nbsp;naci\u00f3 hace seis ediciones por dar a conocer y revitalizar&nbsp;la producci\u00f3n del vin&nbsp;blanc&nbsp;(o vimblanc),&nbsp;un&nbsp;vino&nbsp;dulce&nbsp;t\u00edpico de la zona del Priorat&nbsp;que se acostumbraba a beber en los d\u00edas cercanos a la festividad de Todos&nbsp;los Santos. Con&nbsp;el&nbsp;paso de los a\u00f1os,&nbsp;esta&nbsp;fiesta ha dado&nbsp;cabida&nbsp;tambi\u00e9n a la muestra de vinos&nbsp;dulces&nbsp;y rancios&nbsp;que se producen en la DOQ&nbsp;Priorat, adem\u00e1s de los vinos tranquilos&nbsp;que&nbsp;cada bodega&nbsp;elabora&nbsp;y comercializa.<\/p>\n<p>\n\tEsta&nbsp;muestra&nbsp;popular es&nbsp;una&nbsp;iniciativa del Ayuntamiento de la Morera de Montsant, con&nbsp;la colaboraci\u00f3n&nbsp;del&nbsp;Consejo&nbsp;Regulador de la DOCa&nbsp;Priorat y el apoyo de la Diputaci\u00f3n de Tarragona,&nbsp;el&nbsp;Departamento de Cultura y el Museo de Historia de Catalunya (ente&nbsp;gestor del monumento de la Cartuja) y el&nbsp;<a href=\"http:\/\/parcsnaturals.gencat.cat\/ca\/serra-montsant\">Parque&nbsp;Natural de la Sierra de Montsant<\/a>.<\/p>\n","protected":false},"excerpt":{"rendered":"<p>La Cartuja de Scala Dei&nbsp;volver\u00e1 a ser&nbsp;el escenario&nbsp;el&nbsp;d\u00eda 2 de [&hellip;]<\/p>\n","protected":false},"author":1,"featured_media":0,"comment_status":"closed","ping_status":"closed","sticky":false,"template":"","format":"standard","meta":{"footnotes":""},"categories":[8],"tags":[],"class_list":["post-1287","post","type-post","status-publish","format-standard","hentry","category-actualidad"],"yoast_head":"<!-- This site is optimized with the Yoast SEO plugin v27.5 - https:\/\/yoast.com\/product\/yoast-seo-wordpress\/ -->\n<title>La 6\u00aa Fiesta del Vin Blanc, el 15 de noviembre en la Cartuja de Scala Dei - Consell Regulador de la DOQ Priorat<\/title>\n<meta name=\"robots\" content=\"index, follow, max-snippet:-1, max-image-preview:large, max-video-preview:-1\" \/>\n<link rel=\"canonical\" href=\"https:\/\/www.doqpriorat.org\/es\/actualidad\/la-6a-fiesta-del-vin-blanc-el-15-de-noviembre-en-la-cartuja-de-scala-dei\/\" \/>\n<meta property=\"og:locale\" content=\"es_ES\" \/>\n<meta property=\"og:type\" content=\"article\" \/>\n<meta property=\"og:title\" content=\"La 6\u00aa Fiesta del Vin Blanc, el 15 de noviembre en la Cartuja de Scala Dei - Consell Regulador de la DOQ Priorat\" \/>\n<meta property=\"og:description\" content=\"La Cartuja de Scala Dei&nbsp;volver\u00e1 a ser&nbsp;el escenario&nbsp;el&nbsp;d\u00eda 2 de [&hellip;]\" \/>\n<meta property=\"og:url\" content=\"https:\/\/www.doqpriorat.org\/es\/actualidad\/la-6a-fiesta-del-vin-blanc-el-15-de-noviembre-en-la-cartuja-de-scala-dei\/\" \/>\n<meta property=\"og:site_name\" content=\"Consell Regulador de la DOQ Priorat\" \/>\n<meta property=\"article:published_time\" content=\"2014-10-15T17:16:05+00:00\" \/>\n<meta name=\"author\" content=\"doqpriorat\" \/>\n<meta name=\"twitter:card\" content=\"summary_large_image\" \/>\n<meta name=\"twitter:label1\" content=\"Escrito por\" \/>\n\t<meta name=\"twitter:data1\" content=\"doqpriorat\" \/>\n\t<meta name=\"twitter:label2\" content=\"Tiempo de lectura\" \/>\n\t<meta name=\"twitter:data2\" content=\"2 minutos\" \/>\n<script type=\"application\/ld+json\" class=\"yoast-schema-graph\">{\"@context\":\"https:\\\/\\\/schema.org\",\"@graph\":[{\"@type\":\"Article\",\"@id\":\"https:\\\/\\\/www.doqpriorat.org\\\/es\\\/actualidad\\\/la-6a-fiesta-del-vin-blanc-el-15-de-noviembre-en-la-cartuja-de-scala-dei\\\/#article\",\"isPartOf\":{\"@id\":\"https:\\\/\\\/www.doqpriorat.org\\\/es\\\/actualidad\\\/la-6a-fiesta-del-vin-blanc-el-15-de-noviembre-en-la-cartuja-de-scala-dei\\\/\"},\"author\":{\"name\":\"doqpriorat\",\"@id\":\"https:\\\/\\\/www.doqpriorat.org\\\/#\\\/schema\\\/person\\\/aca7e5b5e07c022e495093f28e65016e\"},\"headline\":\"La 6\u00aa Fiesta del Vin Blanc, el 15 de noviembre en la Cartuja de Scala Dei\",\"datePublished\":\"2014-10-15T17:16:05+00:00\",\"mainEntityOfPage\":{\"@id\":\"https:\\\/\\\/www.doqpriorat.org\\\/es\\\/actualidad\\\/la-6a-fiesta-del-vin-blanc-el-15-de-noviembre-en-la-cartuja-de-scala-dei\\\/\"},\"wordCount\":468,\"articleSection\":[\"Actualidad\"],\"inLanguage\":\"es\"},{\"@type\":\"WebPage\",\"@id\":\"https:\\\/\\\/www.doqpriorat.org\\\/es\\\/actualidad\\\/la-6a-fiesta-del-vin-blanc-el-15-de-noviembre-en-la-cartuja-de-scala-dei\\\/\",\"url\":\"https:\\\/\\\/www.doqpriorat.org\\\/es\\\/actualidad\\\/la-6a-fiesta-del-vin-blanc-el-15-de-noviembre-en-la-cartuja-de-scala-dei\\\/\",\"name\":\"La 6\u00aa Fiesta del Vin Blanc, el 15 de noviembre en la Cartuja de Scala Dei - Consell Regulador de la DOQ Priorat\",\"isPartOf\":{\"@id\":\"https:\\\/\\\/www.doqpriorat.org\\\/#website\"},\"datePublished\":\"2014-10-15T17:16:05+00:00\",\"author\":{\"@id\":\"https:\\\/\\\/www.doqpriorat.org\\\/#\\\/schema\\\/person\\\/aca7e5b5e07c022e495093f28e65016e\"},\"breadcrumb\":{\"@id\":\"https:\\\/\\\/www.doqpriorat.org\\\/es\\\/actualidad\\\/la-6a-fiesta-del-vin-blanc-el-15-de-noviembre-en-la-cartuja-de-scala-dei\\\/#breadcrumb\"},\"inLanguage\":\"es\",\"potentialAction\":[{\"@type\":\"ReadAction\",\"target\":[\"https:\\\/\\\/www.doqpriorat.org\\\/es\\\/actualidad\\\/la-6a-fiesta-del-vin-blanc-el-15-de-noviembre-en-la-cartuja-de-scala-dei\\\/\"]}]},{\"@type\":\"BreadcrumbList\",\"@id\":\"https:\\\/\\\/www.doqpriorat.org\\\/es\\\/actualidad\\\/la-6a-fiesta-del-vin-blanc-el-15-de-noviembre-en-la-cartuja-de-scala-dei\\\/#breadcrumb\",\"itemListElement\":[{\"@type\":\"ListItem\",\"position\":1,\"name\":\"Inici\",\"item\":\"https:\\\/\\\/www.doqpriorat.org\\\/es\\\/\"},{\"@type\":\"ListItem\",\"position\":2,\"name\":\"La 6\u00aa Fiesta del Vin Blanc, el 15 de noviembre en la Cartuja de Scala Dei\"}]},{\"@type\":\"WebSite\",\"@id\":\"https:\\\/\\\/www.doqpriorat.org\\\/#website\",\"url\":\"https:\\\/\\\/www.doqpriorat.org\\\/\",\"name\":\"Consell Regulador de la DOQ Priorat\",\"description\":\"Altre lloc gestionat amb el WordPress\",\"potentialAction\":[{\"@type\":\"SearchAction\",\"target\":{\"@type\":\"EntryPoint\",\"urlTemplate\":\"https:\\\/\\\/www.doqpriorat.org\\\/?s={search_term_string}\"},\"query-input\":{\"@type\":\"PropertyValueSpecification\",\"valueRequired\":true,\"valueName\":\"search_term_string\"}}],\"inLanguage\":\"es\"},{\"@type\":\"Person\",\"@id\":\"https:\\\/\\\/www.doqpriorat.org\\\/#\\\/schema\\\/person\\\/aca7e5b5e07c022e495093f28e65016e\",\"name\":\"doqpriorat\",\"image\":{\"@type\":\"ImageObject\",\"inLanguage\":\"es\",\"@id\":\"https:\\\/\\\/secure.gravatar.com\\\/avatar\\\/5413e1d6ebf16644f3b65b7d1587a9fe154bd32ef4981c78ee4dafed9a0ebe12?s=96&d=mm&r=g\",\"url\":\"https:\\\/\\\/secure.gravatar.com\\\/avatar\\\/5413e1d6ebf16644f3b65b7d1587a9fe154bd32ef4981c78ee4dafed9a0ebe12?s=96&d=mm&r=g\",\"contentUrl\":\"https:\\\/\\\/secure.gravatar.com\\\/avatar\\\/5413e1d6ebf16644f3b65b7d1587a9fe154bd32ef4981c78ee4dafed9a0ebe12?s=96&d=mm&r=g\",\"caption\":\"doqpriorat\"},\"url\":\"https:\\\/\\\/www.doqpriorat.org\\\/es\\\/author\\\/doqpriorat\\\/\"}]}<\/script>\n<!-- \/ Yoast SEO plugin. -->","yoast_head_json":{"title":"La 6\u00aa Fiesta del Vin Blanc, el 15 de noviembre en la Cartuja de Scala Dei - Consell Regulador de la DOQ Priorat","robots":{"index":"index","follow":"follow","max-snippet":"max-snippet:-1","max-image-preview":"max-image-preview:large","max-video-preview":"max-video-preview:-1"},"canonical":"https:\/\/www.doqpriorat.org\/es\/actualidad\/la-6a-fiesta-del-vin-blanc-el-15-de-noviembre-en-la-cartuja-de-scala-dei\/","og_locale":"es_ES","og_type":"article","og_title":"La 6\u00aa Fiesta del Vin Blanc, el 15 de noviembre en la Cartuja de Scala Dei - Consell Regulador de la DOQ Priorat","og_description":"La Cartuja de Scala Dei&nbsp;volver\u00e1 a ser&nbsp;el escenario&nbsp;el&nbsp;d\u00eda 2 de [&hellip;]","og_url":"https:\/\/www.doqpriorat.org\/es\/actualidad\/la-6a-fiesta-del-vin-blanc-el-15-de-noviembre-en-la-cartuja-de-scala-dei\/","og_site_name":"Consell Regulador de la DOQ Priorat","article_published_time":"2014-10-15T17:16:05+00:00","author":"doqpriorat","twitter_card":"summary_large_image","twitter_misc":{"Escrito por":"doqpriorat","Tiempo de lectura":"2 minutos"},"schema":{"@context":"https:\/\/schema.org","@graph":[{"@type":"Article","@id":"https:\/\/www.doqpriorat.org\/es\/actualidad\/la-6a-fiesta-del-vin-blanc-el-15-de-noviembre-en-la-cartuja-de-scala-dei\/#article","isPartOf":{"@id":"https:\/\/www.doqpriorat.org\/es\/actualidad\/la-6a-fiesta-del-vin-blanc-el-15-de-noviembre-en-la-cartuja-de-scala-dei\/"},"author":{"name":"doqpriorat","@id":"https:\/\/www.doqpriorat.org\/#\/schema\/person\/aca7e5b5e07c022e495093f28e65016e"},"headline":"La 6\u00aa Fiesta del Vin Blanc, el 15 de noviembre en la Cartuja de Scala Dei","datePublished":"2014-10-15T17:16:05+00:00","mainEntityOfPage":{"@id":"https:\/\/www.doqpriorat.org\/es\/actualidad\/la-6a-fiesta-del-vin-blanc-el-15-de-noviembre-en-la-cartuja-de-scala-dei\/"},"wordCount":468,"articleSection":["Actualidad"],"inLanguage":"es"},{"@type":"WebPage","@id":"https:\/\/www.doqpriorat.org\/es\/actualidad\/la-6a-fiesta-del-vin-blanc-el-15-de-noviembre-en-la-cartuja-de-scala-dei\/","url":"https:\/\/www.doqpriorat.org\/es\/actualidad\/la-6a-fiesta-del-vin-blanc-el-15-de-noviembre-en-la-cartuja-de-scala-dei\/","name":"La 6\u00aa Fiesta del Vin Blanc, el 15 de noviembre en la Cartuja de Scala Dei - Consell Regulador de la DOQ Priorat","isPartOf":{"@id":"https:\/\/www.doqpriorat.org\/#website"},"datePublished":"2014-10-15T17:16:05+00:00","author":{"@id":"https:\/\/www.doqpriorat.org\/#\/schema\/person\/aca7e5b5e07c022e495093f28e65016e"},"breadcrumb":{"@id":"https:\/\/www.doqpriorat.org\/es\/actualidad\/la-6a-fiesta-del-vin-blanc-el-15-de-noviembre-en-la-cartuja-de-scala-dei\/#breadcrumb"},"inLanguage":"es","potentialAction":[{"@type":"ReadAction","target":["https:\/\/www.doqpriorat.org\/es\/actualidad\/la-6a-fiesta-del-vin-blanc-el-15-de-noviembre-en-la-cartuja-de-scala-dei\/"]}]},{"@type":"BreadcrumbList","@id":"https:\/\/www.doqpriorat.org\/es\/actualidad\/la-6a-fiesta-del-vin-blanc-el-15-de-noviembre-en-la-cartuja-de-scala-dei\/#breadcrumb","itemListElement":[{"@type":"ListItem","position":1,"name":"Inici","item":"https:\/\/www.doqpriorat.org\/es\/"},{"@type":"ListItem","position":2,"name":"La 6\u00aa Fiesta del Vin Blanc, el 15 de noviembre en la Cartuja de Scala Dei"}]},{"@type":"WebSite","@id":"https:\/\/www.doqpriorat.org\/#website","url":"https:\/\/www.doqpriorat.org\/","name":"Consell Regulador de la DOQ Priorat","description":"Altre lloc gestionat amb el WordPress","potentialAction":[{"@type":"SearchAction","target":{"@type":"EntryPoint","urlTemplate":"https:\/\/www.doqpriorat.org\/?s={search_term_string}"},"query-input":{"@type":"PropertyValueSpecification","valueRequired":true,"valueName":"search_term_string"}}],"inLanguage":"es"},{"@type":"Person","@id":"https:\/\/www.doqpriorat.org\/#\/schema\/person\/aca7e5b5e07c022e495093f28e65016e","name":"doqpriorat","image":{"@type":"ImageObject","inLanguage":"es","@id":"https:\/\/secure.gravatar.com\/avatar\/5413e1d6ebf16644f3b65b7d1587a9fe154bd32ef4981c78ee4dafed9a0ebe12?s=96&d=mm&r=g","url":"https:\/\/secure.gravatar.com\/avatar\/5413e1d6ebf16644f3b65b7d1587a9fe154bd32ef4981c78ee4dafed9a0ebe12?s=96&d=mm&r=g","contentUrl":"https:\/\/secure.gravatar.com\/avatar\/5413e1d6ebf16644f3b65b7d1587a9fe154bd32ef4981c78ee4dafed9a0ebe12?s=96&d=mm&r=g","caption":"doqpriorat"},"url":"https:\/\/www.doqpriorat.org\/es\/author\/doqpriorat\/"}]}},"_links":{"self":[{"href":"https:\/\/www.doqpriorat.org\/es\/wp-json\/wp\/v2\/posts\/1287","targetHints":{"allow":["GET"]}}],"collection":[{"href":"https:\/\/www.doqpriorat.org\/es\/wp-json\/wp\/v2\/posts"}],"about":[{"href":"https:\/\/www.doqpriorat.org\/es\/wp-json\/wp\/v2\/types\/post"}],"author":[{"embeddable":true,"href":"https:\/\/www.doqpriorat.org\/es\/wp-json\/wp\/v2\/users\/1"}],"replies":[{"embeddable":true,"href":"https:\/\/www.doqpriorat.org\/es\/wp-json\/wp\/v2\/comments?post=1287"}],"version-history":[{"count":0,"href":"https:\/\/www.doqpriorat.org\/es\/wp-json\/wp\/v2\/posts\/1287\/revisions"}],"wp:attachment":[{"href":"https:\/\/www.doqpriorat.org\/es\/wp-json\/wp\/v2\/media?parent=1287"}],"wp:term":[{"taxonomy":"category","embeddable":true,"href":"https:\/\/www.doqpriorat.org\/es\/wp-json\/wp\/v2\/categories?post=1287"},{"taxonomy":"post_tag","embeddable":true,"href":"https:\/\/www.doqpriorat.org\/es\/wp-json\/wp\/v2\/tags?post=1287"}],"curies":[{"name":"wp","href":"https:\/\/api.w.org\/{rel}","templated":true}]}}