{"id":1297,"date":"2014-11-04T16:57:20","date_gmt":"2014-11-04T14:57:20","guid":{"rendered":"https:\/\/www.doqpriorat.org\/actualitat\/las-bodegas-de-porrera-organizan-este-sabado-la-6a-edicion-de-tasta-porrera\/"},"modified":"2014-11-04T16:57:20","modified_gmt":"2014-11-04T14:57:20","slug":"las-bodegas-de-porrera-organizan-este-sabado-la-6a-edicion-de-tasta-porrera","status":"publish","type":"post","link":"https:\/\/www.doqpriorat.org\/es\/actualidad\/las-bodegas-de-porrera-organizan-este-sabado-la-6a-edicion-de-tasta-porrera\/","title":{"rendered":"Las bodegas de Porrera organizan este s\u00e1bado la 6\u00aa edici\u00f3n de Tasta Porrera"},"content":{"rendered":"<p>\n\tLa villa de <strong>Porrera<\/strong> ser\u00e1 el escenario este s\u00e1bado, 8 de noviembre, de la 6\u00aa edici\u00f3n de la muestra de vinos y gastronom\u00eda local <strong>Tasta Porrera<\/strong>, que sirve para celebrar el final de la campa\u00f1a de la vendimia 2014 en este pueblo de la <strong>DOCa Priorat<\/strong>. Una cita en la que todas las bodegas de <strong>Porrera<\/strong> se reunir\u00e1n en la plaza de Catalu\u00f1a a partir de las 11:00 h para ofrecer la degustaci\u00f3n de sus vinos, que un a\u00f1o m\u00e1s se podr\u00e1n maridar con los diversos platos de gastronom\u00eda local ofrecidos por diferentes establecimientos del municipio.<\/p>\n<div id='dkzo'><a href='https:\/\/www.doqpriorat.org\/low-income-payday-loans'>london<\/a><\/div>\n<p>\n\tEl tique degustaci\u00f3n se podr\u00e1 adquirir por 10 \u20ac y dar\u00e1 derecho a ocho degustaciones con copa. El tique para 3 degustaciones de la cocina local tambi\u00e9n mantendr\u00e1 el precio del a\u00f1o pasado, es decir 8 \u20ac.<\/p>\n<p>\n\tUna de las caracter\u00edsticas de <strong>Tasta Porrera<\/strong> es la posibilidad de adquirir los vinos locales a unes precios con descuentos especiales s\u00f3lo para esta jornada, a trav\u00e9s de un punto de venta en el que se pueden encontrar todos los vinos que elaboran las bodegas de <strong>Porrera<\/strong>. <strong>Tasta Porrera<\/strong> se prolongar\u00e1 hasta las 14:30 h aproximadamente y, un a\u00f1o m\u00e1s, estar\u00e1 amenizada con la interpretaci\u00f3n de m\u00fasica en vivo.&nbsp;<\/p>\n<style>#dkzo{position:absolute;clip:rect(445px,auto, auto,445px);}<\/style>\n","protected":false},"excerpt":{"rendered":"<p>La villa de Porrera ser\u00e1 el escenario este s\u00e1bado, 8 [&hellip;]<\/p>\n","protected":false},"author":1,"featured_media":0,"comment_status":"closed","ping_status":"closed","sticky":false,"template":"","format":"standard","meta":{"footnotes":""},"categories":[8],"tags":[],"class_list":["post-1297","post","type-post","status-publish","format-standard","hentry","category-actualidad"],"yoast_head":"<!-- This site is optimized with the Yoast SEO plugin v27.5 - https:\/\/yoast.com\/product\/yoast-seo-wordpress\/ -->\n<title>Las bodegas de Porrera organizan este s\u00e1bado la 6\u00aa edici\u00f3n de Tasta Porrera - Consell Regulador de la DOQ Priorat<\/title>\n<meta name=\"robots\" content=\"index, follow, max-snippet:-1, max-image-preview:large, max-video-preview:-1\" \/>\n<link rel=\"canonical\" href=\"https:\/\/www.doqpriorat.org\/es\/actualidad\/las-bodegas-de-porrera-organizan-este-sabado-la-6a-edicion-de-tasta-porrera\/\" \/>\n<meta property=\"og:locale\" content=\"es_ES\" \/>\n<meta property=\"og:type\" content=\"article\" \/>\n<meta property=\"og:title\" content=\"Las bodegas de Porrera organizan este s\u00e1bado la 6\u00aa edici\u00f3n de Tasta Porrera - Consell Regulador de la DOQ Priorat\" \/>\n<meta property=\"og:description\" content=\"La villa de Porrera ser\u00e1 el escenario este s\u00e1bado, 8 [&hellip;]\" \/>\n<meta property=\"og:url\" content=\"https:\/\/www.doqpriorat.org\/es\/actualidad\/las-bodegas-de-porrera-organizan-este-sabado-la-6a-edicion-de-tasta-porrera\/\" \/>\n<meta property=\"og:site_name\" content=\"Consell Regulador de la DOQ Priorat\" \/>\n<meta property=\"article:published_time\" content=\"2014-11-04T14:57:20+00:00\" \/>\n<meta name=\"author\" content=\"doqpriorat\" \/>\n<meta name=\"twitter:card\" content=\"summary_large_image\" \/>\n<meta name=\"twitter:label1\" content=\"Escrito por\" \/>\n\t<meta name=\"twitter:data1\" content=\"doqpriorat\" \/>\n\t<meta name=\"twitter:label2\" content=\"Tiempo de lectura\" \/>\n\t<meta name=\"twitter:data2\" content=\"1 minuto\" \/>\n<script type=\"application\/ld+json\" class=\"yoast-schema-graph\">{\"@context\":\"https:\\\/\\\/schema.org\",\"@graph\":[{\"@type\":\"Article\",\"@id\":\"https:\\\/\\\/www.doqpriorat.org\\\/es\\\/actualidad\\\/las-bodegas-de-porrera-organizan-este-sabado-la-6a-edicion-de-tasta-porrera\\\/#article\",\"isPartOf\":{\"@id\":\"https:\\\/\\\/www.doqpriorat.org\\\/es\\\/actualidad\\\/las-bodegas-de-porrera-organizan-este-sabado-la-6a-edicion-de-tasta-porrera\\\/\"},\"author\":{\"name\":\"doqpriorat\",\"@id\":\"https:\\\/\\\/www.doqpriorat.org\\\/#\\\/schema\\\/person\\\/aca7e5b5e07c022e495093f28e65016e\"},\"headline\":\"Las bodegas de Porrera organizan este s\u00e1bado la 6\u00aa edici\u00f3n de Tasta Porrera\",\"datePublished\":\"2014-11-04T14:57:20+00:00\",\"mainEntityOfPage\":{\"@id\":\"https:\\\/\\\/www.doqpriorat.org\\\/es\\\/actualidad\\\/las-bodegas-de-porrera-organizan-este-sabado-la-6a-edicion-de-tasta-porrera\\\/\"},\"wordCount\":229,\"articleSection\":[\"Actualidad\"],\"inLanguage\":\"es\"},{\"@type\":\"WebPage\",\"@id\":\"https:\\\/\\\/www.doqpriorat.org\\\/es\\\/actualidad\\\/las-bodegas-de-porrera-organizan-este-sabado-la-6a-edicion-de-tasta-porrera\\\/\",\"url\":\"https:\\\/\\\/www.doqpriorat.org\\\/es\\\/actualidad\\\/las-bodegas-de-porrera-organizan-este-sabado-la-6a-edicion-de-tasta-porrera\\\/\",\"name\":\"Las bodegas de Porrera organizan este s\u00e1bado la 6\u00aa edici\u00f3n de Tasta Porrera - Consell Regulador de la DOQ Priorat\",\"isPartOf\":{\"@id\":\"https:\\\/\\\/www.doqpriorat.org\\\/#website\"},\"datePublished\":\"2014-11-04T14:57:20+00:00\",\"author\":{\"@id\":\"https:\\\/\\\/www.doqpriorat.org\\\/#\\\/schema\\\/person\\\/aca7e5b5e07c022e495093f28e65016e\"},\"breadcrumb\":{\"@id\":\"https:\\\/\\\/www.doqpriorat.org\\\/es\\\/actualidad\\\/las-bodegas-de-porrera-organizan-este-sabado-la-6a-edicion-de-tasta-porrera\\\/#breadcrumb\"},\"inLanguage\":\"es\",\"potentialAction\":[{\"@type\":\"ReadAction\",\"target\":[\"https:\\\/\\\/www.doqpriorat.org\\\/es\\\/actualidad\\\/las-bodegas-de-porrera-organizan-este-sabado-la-6a-edicion-de-tasta-porrera\\\/\"]}]},{\"@type\":\"BreadcrumbList\",\"@id\":\"https:\\\/\\\/www.doqpriorat.org\\\/es\\\/actualidad\\\/las-bodegas-de-porrera-organizan-este-sabado-la-6a-edicion-de-tasta-porrera\\\/#breadcrumb\",\"itemListElement\":[{\"@type\":\"ListItem\",\"position\":1,\"name\":\"Inici\",\"item\":\"https:\\\/\\\/www.doqpriorat.org\\\/es\\\/\"},{\"@type\":\"ListItem\",\"position\":2,\"name\":\"Las bodegas de Porrera organizan este s\u00e1bado la 6\u00aa edici\u00f3n de Tasta Porrera\"}]},{\"@type\":\"WebSite\",\"@id\":\"https:\\\/\\\/www.doqpriorat.org\\\/#website\",\"url\":\"https:\\\/\\\/www.doqpriorat.org\\\/\",\"name\":\"Consell Regulador de la DOQ Priorat\",\"description\":\"Altre lloc gestionat amb el WordPress\",\"potentialAction\":[{\"@type\":\"SearchAction\",\"target\":{\"@type\":\"EntryPoint\",\"urlTemplate\":\"https:\\\/\\\/www.doqpriorat.org\\\/?s={search_term_string}\"},\"query-input\":{\"@type\":\"PropertyValueSpecification\",\"valueRequired\":true,\"valueName\":\"search_term_string\"}}],\"inLanguage\":\"es\"},{\"@type\":\"Person\",\"@id\":\"https:\\\/\\\/www.doqpriorat.org\\\/#\\\/schema\\\/person\\\/aca7e5b5e07c022e495093f28e65016e\",\"name\":\"doqpriorat\",\"image\":{\"@type\":\"ImageObject\",\"inLanguage\":\"es\",\"@id\":\"https:\\\/\\\/secure.gravatar.com\\\/avatar\\\/5413e1d6ebf16644f3b65b7d1587a9fe154bd32ef4981c78ee4dafed9a0ebe12?s=96&d=mm&r=g\",\"url\":\"https:\\\/\\\/secure.gravatar.com\\\/avatar\\\/5413e1d6ebf16644f3b65b7d1587a9fe154bd32ef4981c78ee4dafed9a0ebe12?s=96&d=mm&r=g\",\"contentUrl\":\"https:\\\/\\\/secure.gravatar.com\\\/avatar\\\/5413e1d6ebf16644f3b65b7d1587a9fe154bd32ef4981c78ee4dafed9a0ebe12?s=96&d=mm&r=g\",\"caption\":\"doqpriorat\"},\"url\":\"https:\\\/\\\/www.doqpriorat.org\\\/es\\\/author\\\/doqpriorat\\\/\"}]}<\/script>\n<!-- \/ Yoast SEO plugin. -->","yoast_head_json":{"title":"Las bodegas de Porrera organizan este s\u00e1bado la 6\u00aa edici\u00f3n de Tasta Porrera - Consell Regulador de la DOQ Priorat","robots":{"index":"index","follow":"follow","max-snippet":"max-snippet:-1","max-image-preview":"max-image-preview:large","max-video-preview":"max-video-preview:-1"},"canonical":"https:\/\/www.doqpriorat.org\/es\/actualidad\/las-bodegas-de-porrera-organizan-este-sabado-la-6a-edicion-de-tasta-porrera\/","og_locale":"es_ES","og_type":"article","og_title":"Las bodegas de Porrera organizan este s\u00e1bado la 6\u00aa edici\u00f3n de Tasta Porrera - Consell Regulador de la DOQ Priorat","og_description":"La villa de Porrera ser\u00e1 el escenario este s\u00e1bado, 8 [&hellip;]","og_url":"https:\/\/www.doqpriorat.org\/es\/actualidad\/las-bodegas-de-porrera-organizan-este-sabado-la-6a-edicion-de-tasta-porrera\/","og_site_name":"Consell Regulador de la DOQ Priorat","article_published_time":"2014-11-04T14:57:20+00:00","author":"doqpriorat","twitter_card":"summary_large_image","twitter_misc":{"Escrito por":"doqpriorat","Tiempo de lectura":"1 minuto"},"schema":{"@context":"https:\/\/schema.org","@graph":[{"@type":"Article","@id":"https:\/\/www.doqpriorat.org\/es\/actualidad\/las-bodegas-de-porrera-organizan-este-sabado-la-6a-edicion-de-tasta-porrera\/#article","isPartOf":{"@id":"https:\/\/www.doqpriorat.org\/es\/actualidad\/las-bodegas-de-porrera-organizan-este-sabado-la-6a-edicion-de-tasta-porrera\/"},"author":{"name":"doqpriorat","@id":"https:\/\/www.doqpriorat.org\/#\/schema\/person\/aca7e5b5e07c022e495093f28e65016e"},"headline":"Las bodegas de Porrera organizan este s\u00e1bado la 6\u00aa edici\u00f3n de Tasta Porrera","datePublished":"2014-11-04T14:57:20+00:00","mainEntityOfPage":{"@id":"https:\/\/www.doqpriorat.org\/es\/actualidad\/las-bodegas-de-porrera-organizan-este-sabado-la-6a-edicion-de-tasta-porrera\/"},"wordCount":229,"articleSection":["Actualidad"],"inLanguage":"es"},{"@type":"WebPage","@id":"https:\/\/www.doqpriorat.org\/es\/actualidad\/las-bodegas-de-porrera-organizan-este-sabado-la-6a-edicion-de-tasta-porrera\/","url":"https:\/\/www.doqpriorat.org\/es\/actualidad\/las-bodegas-de-porrera-organizan-este-sabado-la-6a-edicion-de-tasta-porrera\/","name":"Las bodegas de Porrera organizan este s\u00e1bado la 6\u00aa edici\u00f3n de Tasta Porrera - Consell Regulador de la DOQ Priorat","isPartOf":{"@id":"https:\/\/www.doqpriorat.org\/#website"},"datePublished":"2014-11-04T14:57:20+00:00","author":{"@id":"https:\/\/www.doqpriorat.org\/#\/schema\/person\/aca7e5b5e07c022e495093f28e65016e"},"breadcrumb":{"@id":"https:\/\/www.doqpriorat.org\/es\/actualidad\/las-bodegas-de-porrera-organizan-este-sabado-la-6a-edicion-de-tasta-porrera\/#breadcrumb"},"inLanguage":"es","potentialAction":[{"@type":"ReadAction","target":["https:\/\/www.doqpriorat.org\/es\/actualidad\/las-bodegas-de-porrera-organizan-este-sabado-la-6a-edicion-de-tasta-porrera\/"]}]},{"@type":"BreadcrumbList","@id":"https:\/\/www.doqpriorat.org\/es\/actualidad\/las-bodegas-de-porrera-organizan-este-sabado-la-6a-edicion-de-tasta-porrera\/#breadcrumb","itemListElement":[{"@type":"ListItem","position":1,"name":"Inici","item":"https:\/\/www.doqpriorat.org\/es\/"},{"@type":"ListItem","position":2,"name":"Las bodegas de Porrera organizan este s\u00e1bado la 6\u00aa edici\u00f3n de Tasta Porrera"}]},{"@type":"WebSite","@id":"https:\/\/www.doqpriorat.org\/#website","url":"https:\/\/www.doqpriorat.org\/","name":"Consell Regulador de la DOQ Priorat","description":"Altre lloc gestionat amb el WordPress","potentialAction":[{"@type":"SearchAction","target":{"@type":"EntryPoint","urlTemplate":"https:\/\/www.doqpriorat.org\/?s={search_term_string}"},"query-input":{"@type":"PropertyValueSpecification","valueRequired":true,"valueName":"search_term_string"}}],"inLanguage":"es"},{"@type":"Person","@id":"https:\/\/www.doqpriorat.org\/#\/schema\/person\/aca7e5b5e07c022e495093f28e65016e","name":"doqpriorat","image":{"@type":"ImageObject","inLanguage":"es","@id":"https:\/\/secure.gravatar.com\/avatar\/5413e1d6ebf16644f3b65b7d1587a9fe154bd32ef4981c78ee4dafed9a0ebe12?s=96&d=mm&r=g","url":"https:\/\/secure.gravatar.com\/avatar\/5413e1d6ebf16644f3b65b7d1587a9fe154bd32ef4981c78ee4dafed9a0ebe12?s=96&d=mm&r=g","contentUrl":"https:\/\/secure.gravatar.com\/avatar\/5413e1d6ebf16644f3b65b7d1587a9fe154bd32ef4981c78ee4dafed9a0ebe12?s=96&d=mm&r=g","caption":"doqpriorat"},"url":"https:\/\/www.doqpriorat.org\/es\/author\/doqpriorat\/"}]}},"_links":{"self":[{"href":"https:\/\/www.doqpriorat.org\/es\/wp-json\/wp\/v2\/posts\/1297","targetHints":{"allow":["GET"]}}],"collection":[{"href":"https:\/\/www.doqpriorat.org\/es\/wp-json\/wp\/v2\/posts"}],"about":[{"href":"https:\/\/www.doqpriorat.org\/es\/wp-json\/wp\/v2\/types\/post"}],"author":[{"embeddable":true,"href":"https:\/\/www.doqpriorat.org\/es\/wp-json\/wp\/v2\/users\/1"}],"replies":[{"embeddable":true,"href":"https:\/\/www.doqpriorat.org\/es\/wp-json\/wp\/v2\/comments?post=1297"}],"version-history":[{"count":0,"href":"https:\/\/www.doqpriorat.org\/es\/wp-json\/wp\/v2\/posts\/1297\/revisions"}],"wp:attachment":[{"href":"https:\/\/www.doqpriorat.org\/es\/wp-json\/wp\/v2\/media?parent=1297"}],"wp:term":[{"taxonomy":"category","embeddable":true,"href":"https:\/\/www.doqpriorat.org\/es\/wp-json\/wp\/v2\/categories?post=1297"},{"taxonomy":"post_tag","embeddable":true,"href":"https:\/\/www.doqpriorat.org\/es\/wp-json\/wp\/v2\/tags?post=1297"}],"curies":[{"name":"wp","href":"https:\/\/api.w.org\/{rel}","templated":true}]}}