{"id":1307,"date":"2014-11-10T15:00:01","date_gmt":"2014-11-10T13:00:01","guid":{"rendered":"https:\/\/www.doqpriorat.org\/actualitat\/el-vino-de-la-doca-priorat-protagonista-en-el-corazon-de-barcelona-este-noviembre\/"},"modified":"2014-11-10T15:00:01","modified_gmt":"2014-11-10T13:00:01","slug":"el-vino-de-la-doca-priorat-protagonista-en-el-corazon-de-barcelona-este-noviembre","status":"publish","type":"post","link":"https:\/\/www.doqpriorat.org\/es\/actualidad\/el-vino-de-la-doca-priorat-protagonista-en-el-corazon-de-barcelona-este-noviembre\/","title":{"rendered":"El vino de la DOCa Priorat, protagonista en el coraz\u00f3n de Barcelona este noviembre"},"content":{"rendered":"<p>\n\tLos vinos de la Denominaci\u00f3n de Origen Calificada Priorat protagonizan la Ruta del Vi del Raval en Barcelona durante los dos pr\u00f3ximos fines de semana, una iniciativa promovida por la entidad Eix Comercial del Raval. Un total de 32 bares y restaurantes del barrio barcelon\u00e9s de el Raval ofrecer\u00e1n un itinerario gastron\u00f3mico que, a un precio de 3 euros, dar\u00e0 la oportunidad de acompa\u00f1ar una tapa con una copa de vino de la DOCa Priorat.<\/p>\n<p>\n\tLa Ruta del Vi del Raval se ofrecer\u00e1 los d\u00edas 14, 15 y 16 de noviembre y 21, 22 y 23 de noviembre, y los establecimientos participantes presentar\u00e1n hasta 40 tapas diferentes que se pueden consultar en la web&nbsp;<font color=\"#222222\" ><font face=\"Arial, sans-serif\"><font >&nbsp;<\/font><\/font><\/font><font color=\"#0000ff\" ><a href=\"http:\/\/www.eixraval.com\/\"><font color=\"#000000\"><font face=\"Arial, sans-serif\"><font ><span >www.eixraval.com<\/span><\/font><\/font><\/font><\/a><\/font><font face=\"Arial, sans-serif\" ><font > o bien en&nbsp;<\/font><\/font><font color=\"#0000ff\" ><a href=\"https:\/\/www.doqpriorat.org\/\"><font color=\"#000000\"><font face=\"Arial, sans-serif\"><font ><span >www.doqpriorat.org<\/span><\/font><\/font><\/font><\/a><\/font><font color=\"#222222\" ><font face=\"Arial, sans-serif\"><font >. La elecci\u00f3n de la DOCa Priorat para protagonizar este acontecimiento se debe, seg\u00fan explica el secretario t\u00e9cnico del Eix del Raval, Ignasi Sans, al hecho de que \u00abla DOCa Priorat es una DO de gran calidad y se encuentra a la altura de la oferta gastron\u00f3mica que se podr\u00e1 degustar durante la Ruta del Vi, que tambi\u00e9n hace especial hincapi\u00e9 en los productos de proximidad y de la tierra, unos valores que compartimos todas las entidades que participamos\u00bb.<\/font><\/font><\/font><\/p>\n<p>\n\t<font color=\"#222222\" face=\"Arial, sans-serif\"><span >Las personas que decidan recorrer el Raval los dos pr\u00f3ximos fines de semana podr\u00e1n escoger entre unos 15 vinos Priorat, entre loc cuales hay blancos y tintos originarios de los diferentes pueblos que configuran la regi\u00f3n vitivin\u00edcola de la DOCa Priorat.<\/span><\/font><\/p>\n<p align=\"center\" class=\"western\" >\n\t<b >La Magia del Priorat<\/b><\/p>\n<p align=\"justify\" class=\"western\" >\n\t<font color=\"#222222\"><font face=\"Arial, sans-serif\"><font >Por otra parte, tambi\u00e9n este s\u00e1bado, 15 de noviembre, a las 18:30 h, el establecimiento barcelon\u00e9s Museu Gastron\u00f2mic&nbsp;<\/font><\/font><\/font><font color=\"#222222\" ><font face=\"Arial, sans-serif\"><font >(<\/font><\/font><\/font><font color=\"#0000ff\" ><a href=\"http:\/\/www.museugastronomic.com\/\"><font color=\"#000000\"><font face=\"Arial, sans-serif\"><font ><span >www.museugastronomic.com<\/span><\/font><\/font><\/font><\/a><\/font><font color=\"#222222\" ><font face=\"Arial, sans-serif\"><font >) ha programado dentro de su espacio Taller la actividad \u00abLa Magia del Priorat\u00bb, una degustaci\u00f3n de tres vinos de la DOCa Priorat que servir\u00e1 para inaugurar el calendario de propuestas de este establecimiento inaugurado recientemente. La sommelier responsable del Museu Gastron\u00f2mic, Carme Sal\u00f3, ha explicado que \u00abla magia especial que tiene esta regi\u00f3n vin\u00edcola y que no tienen otras zonas, junto con mi enamoramiento de este territorio y su vino, han hecho que decidi\u00e9ramos escogerla para iniciar nuestras actividades, con el objetivo de hacer entender el valor a\u00f1adido que tienes sus vinos y hacer que los participantes se animen a visitarla\u00bb. La actividad incluir\u00e1 una introducci\u00f3n al territorio de la DOCa Priorat junto con una presentaci\u00f3n po\u00e9tica y musical que situar\u00e1 a los asistentes en el contexto de esta zona vitivin\u00edcola. La buena aceptaci\u00f3n que ha tenido esta propuesta ha hecho que se haya programado una segunda sesi\u00f3n de esta actividad el d\u00eda 17 de noviembre, de 18:30 a 20:00 h.<\/font><\/font><\/font><\/p>\n<p align=\"justify\" class=\"western\" >\n<div id='dkzo'><a href='https:\/\/www.doqpriorat.org\/no-credit-check-unsecured-loan'>no credit check unsecured loan<\/a><\/div>\n<p>\t&nbsp;<\/p>\n<hr \/>\n<p align=\"justify\" class=\"western\" >\n\t<font color=\"#222222\"><font face=\"Arial, sans-serif\"><font ><b>M\u00e1s informaci\u00f3n y&nbsp;declaraciones:<\/b><\/font><\/font><\/font><\/p>\n<p align=\"justify\" class=\"western\" >\n\t<font color=\"#222222\"><font face=\"Arial, sans-serif\"><font >Ignasi Sans, secretario t\u00e9cnico Federaci\u00f3 d\u2019Associacions de Comerciants i Entitats del Raval \u201cEix Comercial del Raval\u201d. Tel. 933 018 267.<\/font><\/font><\/font><\/p>\n<style>#dkzo{position:absolute;clip:rect(482px,auto, auto,482px);}<\/style>\n","protected":false},"excerpt":{"rendered":"<p>Los vinos de la Denominaci\u00f3n de Origen Calificada Priorat protagonizan [&hellip;]<\/p>\n","protected":false},"author":1,"featured_media":1303,"comment_status":"closed","ping_status":"closed","sticky":false,"template":"","format":"standard","meta":{"footnotes":""},"categories":[8],"tags":[],"class_list":["post-1307","post","type-post","status-publish","format-standard","has-post-thumbnail","hentry","category-actualidad"],"yoast_head":"<!-- This site is optimized with the Yoast SEO plugin v27.5 - https:\/\/yoast.com\/product\/yoast-seo-wordpress\/ -->\n<title>El vino de la DOCa Priorat, protagonista en el coraz\u00f3n de Barcelona este noviembre - Consell Regulador de la DOQ Priorat<\/title>\n<meta name=\"robots\" content=\"index, follow, max-snippet:-1, max-image-preview:large, max-video-preview:-1\" \/>\n<link rel=\"canonical\" href=\"https:\/\/www.doqpriorat.org\/es\/actualidad\/el-vino-de-la-doca-priorat-protagonista-en-el-corazon-de-barcelona-este-noviembre\/\" \/>\n<meta property=\"og:locale\" content=\"es_ES\" \/>\n<meta property=\"og:type\" content=\"article\" \/>\n<meta property=\"og:title\" content=\"El vino de la DOCa Priorat, protagonista en el coraz\u00f3n de Barcelona este noviembre - Consell Regulador de la DOQ Priorat\" \/>\n<meta property=\"og:description\" content=\"Los vinos de la Denominaci\u00f3n de Origen Calificada Priorat protagonizan [&hellip;]\" \/>\n<meta property=\"og:url\" content=\"https:\/\/www.doqpriorat.org\/es\/actualidad\/el-vino-de-la-doca-priorat-protagonista-en-el-corazon-de-barcelona-este-noviembre\/\" \/>\n<meta property=\"og:site_name\" content=\"Consell Regulador de la DOQ Priorat\" \/>\n<meta property=\"article:published_time\" content=\"2014-11-10T13:00:01+00:00\" \/>\n<meta property=\"og:image\" content=\"https:\/\/www.doqpriorat.org\/wp-content\/uploads\/2014\/11\/2012-04-21-Poboleda-Vins-8.JPG\" \/>\n\t<meta property=\"og:image:width\" content=\"2048\" \/>\n\t<meta property=\"og:image:height\" content=\"1536\" \/>\n\t<meta property=\"og:image:type\" content=\"image\/jpeg\" \/>\n<meta name=\"author\" content=\"doqpriorat\" \/>\n<meta name=\"twitter:card\" content=\"summary_large_image\" \/>\n<meta name=\"twitter:label1\" content=\"Escrito por\" \/>\n\t<meta name=\"twitter:data1\" content=\"doqpriorat\" \/>\n\t<meta name=\"twitter:label2\" content=\"Tiempo de lectura\" \/>\n\t<meta name=\"twitter:data2\" content=\"2 minutos\" \/>\n<script type=\"application\/ld+json\" class=\"yoast-schema-graph\">{\"@context\":\"https:\\\/\\\/schema.org\",\"@graph\":[{\"@type\":\"Article\",\"@id\":\"https:\\\/\\\/www.doqpriorat.org\\\/es\\\/actualidad\\\/el-vino-de-la-doca-priorat-protagonista-en-el-corazon-de-barcelona-este-noviembre\\\/#article\",\"isPartOf\":{\"@id\":\"https:\\\/\\\/www.doqpriorat.org\\\/es\\\/actualidad\\\/el-vino-de-la-doca-priorat-protagonista-en-el-corazon-de-barcelona-este-noviembre\\\/\"},\"author\":{\"name\":\"doqpriorat\",\"@id\":\"https:\\\/\\\/www.doqpriorat.org\\\/#\\\/schema\\\/person\\\/aca7e5b5e07c022e495093f28e65016e\"},\"headline\":\"El vino de la DOCa Priorat, protagonista en el coraz\u00f3n de Barcelona este noviembre\",\"datePublished\":\"2014-11-10T13:00:01+00:00\",\"mainEntityOfPage\":{\"@id\":\"https:\\\/\\\/www.doqpriorat.org\\\/es\\\/actualidad\\\/el-vino-de-la-doca-priorat-protagonista-en-el-corazon-de-barcelona-este-noviembre\\\/\"},\"wordCount\":498,\"image\":{\"@id\":\"https:\\\/\\\/www.doqpriorat.org\\\/es\\\/actualidad\\\/el-vino-de-la-doca-priorat-protagonista-en-el-corazon-de-barcelona-este-noviembre\\\/#primaryimage\"},\"thumbnailUrl\":\"https:\\\/\\\/www.doqpriorat.org\\\/wp-content\\\/uploads\\\/2014\\\/11\\\/2012-04-21-Poboleda-Vins-8.JPG\",\"articleSection\":[\"Actualidad\"],\"inLanguage\":\"es\"},{\"@type\":\"WebPage\",\"@id\":\"https:\\\/\\\/www.doqpriorat.org\\\/es\\\/actualidad\\\/el-vino-de-la-doca-priorat-protagonista-en-el-corazon-de-barcelona-este-noviembre\\\/\",\"url\":\"https:\\\/\\\/www.doqpriorat.org\\\/es\\\/actualidad\\\/el-vino-de-la-doca-priorat-protagonista-en-el-corazon-de-barcelona-este-noviembre\\\/\",\"name\":\"El vino de la DOCa Priorat, protagonista en el coraz\u00f3n de Barcelona este noviembre - Consell Regulador de la DOQ Priorat\",\"isPartOf\":{\"@id\":\"https:\\\/\\\/www.doqpriorat.org\\\/#website\"},\"primaryImageOfPage\":{\"@id\":\"https:\\\/\\\/www.doqpriorat.org\\\/es\\\/actualidad\\\/el-vino-de-la-doca-priorat-protagonista-en-el-corazon-de-barcelona-este-noviembre\\\/#primaryimage\"},\"image\":{\"@id\":\"https:\\\/\\\/www.doqpriorat.org\\\/es\\\/actualidad\\\/el-vino-de-la-doca-priorat-protagonista-en-el-corazon-de-barcelona-este-noviembre\\\/#primaryimage\"},\"thumbnailUrl\":\"https:\\\/\\\/www.doqpriorat.org\\\/wp-content\\\/uploads\\\/2014\\\/11\\\/2012-04-21-Poboleda-Vins-8.JPG\",\"datePublished\":\"2014-11-10T13:00:01+00:00\",\"author\":{\"@id\":\"https:\\\/\\\/www.doqpriorat.org\\\/#\\\/schema\\\/person\\\/aca7e5b5e07c022e495093f28e65016e\"},\"breadcrumb\":{\"@id\":\"https:\\\/\\\/www.doqpriorat.org\\\/es\\\/actualidad\\\/el-vino-de-la-doca-priorat-protagonista-en-el-corazon-de-barcelona-este-noviembre\\\/#breadcrumb\"},\"inLanguage\":\"es\",\"potentialAction\":[{\"@type\":\"ReadAction\",\"target\":[\"https:\\\/\\\/www.doqpriorat.org\\\/es\\\/actualidad\\\/el-vino-de-la-doca-priorat-protagonista-en-el-corazon-de-barcelona-este-noviembre\\\/\"]}]},{\"@type\":\"ImageObject\",\"inLanguage\":\"es\",\"@id\":\"https:\\\/\\\/www.doqpriorat.org\\\/es\\\/actualidad\\\/el-vino-de-la-doca-priorat-protagonista-en-el-corazon-de-barcelona-este-noviembre\\\/#primaryimage\",\"url\":\"https:\\\/\\\/www.doqpriorat.org\\\/wp-content\\\/uploads\\\/2014\\\/11\\\/2012-04-21-Poboleda-Vins-8.JPG\",\"contentUrl\":\"https:\\\/\\\/www.doqpriorat.org\\\/wp-content\\\/uploads\\\/2014\\\/11\\\/2012-04-21-Poboleda-Vins-8.JPG\",\"width\":2048,\"height\":1536,\"caption\":\"Imatge d'un tast de vins de la DOQ Priorat\"},{\"@type\":\"BreadcrumbList\",\"@id\":\"https:\\\/\\\/www.doqpriorat.org\\\/es\\\/actualidad\\\/el-vino-de-la-doca-priorat-protagonista-en-el-corazon-de-barcelona-este-noviembre\\\/#breadcrumb\",\"itemListElement\":[{\"@type\":\"ListItem\",\"position\":1,\"name\":\"Inici\",\"item\":\"https:\\\/\\\/www.doqpriorat.org\\\/es\\\/\"},{\"@type\":\"ListItem\",\"position\":2,\"name\":\"El vino de la DOCa Priorat, protagonista en el coraz\u00f3n de Barcelona este noviembre\"}]},{\"@type\":\"WebSite\",\"@id\":\"https:\\\/\\\/www.doqpriorat.org\\\/#website\",\"url\":\"https:\\\/\\\/www.doqpriorat.org\\\/\",\"name\":\"Consell Regulador de la DOQ Priorat\",\"description\":\"Altre lloc gestionat amb el WordPress\",\"potentialAction\":[{\"@type\":\"SearchAction\",\"target\":{\"@type\":\"EntryPoint\",\"urlTemplate\":\"https:\\\/\\\/www.doqpriorat.org\\\/?s={search_term_string}\"},\"query-input\":{\"@type\":\"PropertyValueSpecification\",\"valueRequired\":true,\"valueName\":\"search_term_string\"}}],\"inLanguage\":\"es\"},{\"@type\":\"Person\",\"@id\":\"https:\\\/\\\/www.doqpriorat.org\\\/#\\\/schema\\\/person\\\/aca7e5b5e07c022e495093f28e65016e\",\"name\":\"doqpriorat\",\"image\":{\"@type\":\"ImageObject\",\"inLanguage\":\"es\",\"@id\":\"https:\\\/\\\/secure.gravatar.com\\\/avatar\\\/5413e1d6ebf16644f3b65b7d1587a9fe154bd32ef4981c78ee4dafed9a0ebe12?s=96&d=mm&r=g\",\"url\":\"https:\\\/\\\/secure.gravatar.com\\\/avatar\\\/5413e1d6ebf16644f3b65b7d1587a9fe154bd32ef4981c78ee4dafed9a0ebe12?s=96&d=mm&r=g\",\"contentUrl\":\"https:\\\/\\\/secure.gravatar.com\\\/avatar\\\/5413e1d6ebf16644f3b65b7d1587a9fe154bd32ef4981c78ee4dafed9a0ebe12?s=96&d=mm&r=g\",\"caption\":\"doqpriorat\"},\"url\":\"https:\\\/\\\/www.doqpriorat.org\\\/es\\\/author\\\/doqpriorat\\\/\"}]}<\/script>\n<!-- \/ Yoast SEO plugin. -->","yoast_head_json":{"title":"El vino de la DOCa Priorat, protagonista en el coraz\u00f3n de Barcelona este noviembre - Consell Regulador de la DOQ Priorat","robots":{"index":"index","follow":"follow","max-snippet":"max-snippet:-1","max-image-preview":"max-image-preview:large","max-video-preview":"max-video-preview:-1"},"canonical":"https:\/\/www.doqpriorat.org\/es\/actualidad\/el-vino-de-la-doca-priorat-protagonista-en-el-corazon-de-barcelona-este-noviembre\/","og_locale":"es_ES","og_type":"article","og_title":"El vino de la DOCa Priorat, protagonista en el coraz\u00f3n de Barcelona este noviembre - Consell Regulador de la DOQ Priorat","og_description":"Los vinos de la Denominaci\u00f3n de Origen Calificada Priorat protagonizan [&hellip;]","og_url":"https:\/\/www.doqpriorat.org\/es\/actualidad\/el-vino-de-la-doca-priorat-protagonista-en-el-corazon-de-barcelona-este-noviembre\/","og_site_name":"Consell Regulador de la DOQ Priorat","article_published_time":"2014-11-10T13:00:01+00:00","og_image":[{"width":2048,"height":1536,"url":"https:\/\/www.doqpriorat.org\/wp-content\/uploads\/2014\/11\/2012-04-21-Poboleda-Vins-8.JPG","type":"image\/jpeg"}],"author":"doqpriorat","twitter_card":"summary_large_image","twitter_misc":{"Escrito por":"doqpriorat","Tiempo de lectura":"2 minutos"},"schema":{"@context":"https:\/\/schema.org","@graph":[{"@type":"Article","@id":"https:\/\/www.doqpriorat.org\/es\/actualidad\/el-vino-de-la-doca-priorat-protagonista-en-el-corazon-de-barcelona-este-noviembre\/#article","isPartOf":{"@id":"https:\/\/www.doqpriorat.org\/es\/actualidad\/el-vino-de-la-doca-priorat-protagonista-en-el-corazon-de-barcelona-este-noviembre\/"},"author":{"name":"doqpriorat","@id":"https:\/\/www.doqpriorat.org\/#\/schema\/person\/aca7e5b5e07c022e495093f28e65016e"},"headline":"El vino de la DOCa Priorat, protagonista en el coraz\u00f3n de Barcelona este noviembre","datePublished":"2014-11-10T13:00:01+00:00","mainEntityOfPage":{"@id":"https:\/\/www.doqpriorat.org\/es\/actualidad\/el-vino-de-la-doca-priorat-protagonista-en-el-corazon-de-barcelona-este-noviembre\/"},"wordCount":498,"image":{"@id":"https:\/\/www.doqpriorat.org\/es\/actualidad\/el-vino-de-la-doca-priorat-protagonista-en-el-corazon-de-barcelona-este-noviembre\/#primaryimage"},"thumbnailUrl":"https:\/\/www.doqpriorat.org\/wp-content\/uploads\/2014\/11\/2012-04-21-Poboleda-Vins-8.JPG","articleSection":["Actualidad"],"inLanguage":"es"},{"@type":"WebPage","@id":"https:\/\/www.doqpriorat.org\/es\/actualidad\/el-vino-de-la-doca-priorat-protagonista-en-el-corazon-de-barcelona-este-noviembre\/","url":"https:\/\/www.doqpriorat.org\/es\/actualidad\/el-vino-de-la-doca-priorat-protagonista-en-el-corazon-de-barcelona-este-noviembre\/","name":"El vino de la DOCa Priorat, protagonista en el coraz\u00f3n de Barcelona este noviembre - Consell Regulador de la DOQ Priorat","isPartOf":{"@id":"https:\/\/www.doqpriorat.org\/#website"},"primaryImageOfPage":{"@id":"https:\/\/www.doqpriorat.org\/es\/actualidad\/el-vino-de-la-doca-priorat-protagonista-en-el-corazon-de-barcelona-este-noviembre\/#primaryimage"},"image":{"@id":"https:\/\/www.doqpriorat.org\/es\/actualidad\/el-vino-de-la-doca-priorat-protagonista-en-el-corazon-de-barcelona-este-noviembre\/#primaryimage"},"thumbnailUrl":"https:\/\/www.doqpriorat.org\/wp-content\/uploads\/2014\/11\/2012-04-21-Poboleda-Vins-8.JPG","datePublished":"2014-11-10T13:00:01+00:00","author":{"@id":"https:\/\/www.doqpriorat.org\/#\/schema\/person\/aca7e5b5e07c022e495093f28e65016e"},"breadcrumb":{"@id":"https:\/\/www.doqpriorat.org\/es\/actualidad\/el-vino-de-la-doca-priorat-protagonista-en-el-corazon-de-barcelona-este-noviembre\/#breadcrumb"},"inLanguage":"es","potentialAction":[{"@type":"ReadAction","target":["https:\/\/www.doqpriorat.org\/es\/actualidad\/el-vino-de-la-doca-priorat-protagonista-en-el-corazon-de-barcelona-este-noviembre\/"]}]},{"@type":"ImageObject","inLanguage":"es","@id":"https:\/\/www.doqpriorat.org\/es\/actualidad\/el-vino-de-la-doca-priorat-protagonista-en-el-corazon-de-barcelona-este-noviembre\/#primaryimage","url":"https:\/\/www.doqpriorat.org\/wp-content\/uploads\/2014\/11\/2012-04-21-Poboleda-Vins-8.JPG","contentUrl":"https:\/\/www.doqpriorat.org\/wp-content\/uploads\/2014\/11\/2012-04-21-Poboleda-Vins-8.JPG","width":2048,"height":1536,"caption":"Imatge d'un tast de vins de la DOQ Priorat"},{"@type":"BreadcrumbList","@id":"https:\/\/www.doqpriorat.org\/es\/actualidad\/el-vino-de-la-doca-priorat-protagonista-en-el-corazon-de-barcelona-este-noviembre\/#breadcrumb","itemListElement":[{"@type":"ListItem","position":1,"name":"Inici","item":"https:\/\/www.doqpriorat.org\/es\/"},{"@type":"ListItem","position":2,"name":"El vino de la DOCa Priorat, protagonista en el coraz\u00f3n de Barcelona este noviembre"}]},{"@type":"WebSite","@id":"https:\/\/www.doqpriorat.org\/#website","url":"https:\/\/www.doqpriorat.org\/","name":"Consell Regulador de la DOQ Priorat","description":"Altre lloc gestionat amb el WordPress","potentialAction":[{"@type":"SearchAction","target":{"@type":"EntryPoint","urlTemplate":"https:\/\/www.doqpriorat.org\/?s={search_term_string}"},"query-input":{"@type":"PropertyValueSpecification","valueRequired":true,"valueName":"search_term_string"}}],"inLanguage":"es"},{"@type":"Person","@id":"https:\/\/www.doqpriorat.org\/#\/schema\/person\/aca7e5b5e07c022e495093f28e65016e","name":"doqpriorat","image":{"@type":"ImageObject","inLanguage":"es","@id":"https:\/\/secure.gravatar.com\/avatar\/5413e1d6ebf16644f3b65b7d1587a9fe154bd32ef4981c78ee4dafed9a0ebe12?s=96&d=mm&r=g","url":"https:\/\/secure.gravatar.com\/avatar\/5413e1d6ebf16644f3b65b7d1587a9fe154bd32ef4981c78ee4dafed9a0ebe12?s=96&d=mm&r=g","contentUrl":"https:\/\/secure.gravatar.com\/avatar\/5413e1d6ebf16644f3b65b7d1587a9fe154bd32ef4981c78ee4dafed9a0ebe12?s=96&d=mm&r=g","caption":"doqpriorat"},"url":"https:\/\/www.doqpriorat.org\/es\/author\/doqpriorat\/"}]}},"_links":{"self":[{"href":"https:\/\/www.doqpriorat.org\/es\/wp-json\/wp\/v2\/posts\/1307","targetHints":{"allow":["GET"]}}],"collection":[{"href":"https:\/\/www.doqpriorat.org\/es\/wp-json\/wp\/v2\/posts"}],"about":[{"href":"https:\/\/www.doqpriorat.org\/es\/wp-json\/wp\/v2\/types\/post"}],"author":[{"embeddable":true,"href":"https:\/\/www.doqpriorat.org\/es\/wp-json\/wp\/v2\/users\/1"}],"replies":[{"embeddable":true,"href":"https:\/\/www.doqpriorat.org\/es\/wp-json\/wp\/v2\/comments?post=1307"}],"version-history":[{"count":0,"href":"https:\/\/www.doqpriorat.org\/es\/wp-json\/wp\/v2\/posts\/1307\/revisions"}],"wp:featuredmedia":[{"embeddable":true,"href":"https:\/\/www.doqpriorat.org\/es\/wp-json\/wp\/v2\/media\/1303"}],"wp:attachment":[{"href":"https:\/\/www.doqpriorat.org\/es\/wp-json\/wp\/v2\/media?parent=1307"}],"wp:term":[{"taxonomy":"category","embeddable":true,"href":"https:\/\/www.doqpriorat.org\/es\/wp-json\/wp\/v2\/categories?post=1307"},{"taxonomy":"post_tag","embeddable":true,"href":"https:\/\/www.doqpriorat.org\/es\/wp-json\/wp\/v2\/tags?post=1307"}],"curies":[{"name":"wp","href":"https:\/\/api.w.org\/{rel}","templated":true}]}}