{"id":1332,"date":"2015-03-08T09:04:50","date_gmt":"2015-03-08T07:04:50","guid":{"rendered":"https:\/\/www.doqpriorat.org\/actualitat\/visita-de-una-delegacion-de-la-do-emporda-a-la-doq-priorat\/"},"modified":"2015-03-08T09:04:50","modified_gmt":"2015-03-08T07:04:50","slug":"visita-de-una-delegacion-de-la-do-emporda-a-la-doq-priorat","status":"publish","type":"post","link":"https:\/\/www.doqpriorat.org\/es\/actualidad\/visita-de-una-delegacion-de-la-do-emporda-a-la-doq-priorat\/","title":{"rendered":"Visita de una delegaci\u00f3n de la DO Empord\u00e0 a la DOQ Priorat"},"content":{"rendered":"<p>\n\tUna delegaci\u00f3n formada por unos 40 productores y viticultores, as\u00ed como representantes del Consejo Regulador de la Denominaci\u00f3n de Origen Emord\u00e0, han visitado este martes la DOQ Priorat. Esta visita es fruto del intercambio entre las dos denominaciones de origen para conocer sus respectivos territorios, procesos de elaboraci\u00f3n y bodegas, con el objetivo de compartir conocimientos y experiencias en relaci\u00f3n a la producci\u00f3n del vino.<\/p>\n<div id='dkzo'><a href='https:\/\/www.doqpriorat.org\/installment-loans-bad-credit-direct-lender'>https:\/\/www.doqpriorat.org\/installment-loans-bad-credit-direct-lender<\/a><\/div>\n<p>\n\tLa visita de la comitiva del Empord\u00e0 ha tenido una primera parte durante la ma\u00f1ana en el pueblo de Porrera, donde se han visitado dos fincas (de las bodegas Vall Llach y de Ferrer Bobet). Al mediod\u00eda, el grupo se ha desplazado a la bodega La Conreria de Scala Dei, donde se ha realizado la comida y se han conocido vinos e instalaciones de esta firma. La visita ha tenido como \u00faltima parada la Cartuja de Scala Dei, cuna hist\u00f3rica de los vinos Priorat.<\/p>\n<style>#dkzo{position:absolute;clip:rect(452px,auto, auto,452px);}<\/style>\n","protected":false},"excerpt":{"rendered":"<p>Una delegaci\u00f3n formada por unos 40 productores y viticultores, as\u00ed [&hellip;]<\/p>\n","protected":false},"author":1,"featured_media":1327,"comment_status":"closed","ping_status":"closed","sticky":false,"template":"","format":"standard","meta":{"footnotes":""},"categories":[8],"tags":[],"class_list":["post-1332","post","type-post","status-publish","format-standard","has-post-thumbnail","hentry","category-actualidad"],"yoast_head":"<!-- This site is optimized with the Yoast SEO plugin v27.5 - https:\/\/yoast.com\/product\/yoast-seo-wordpress\/ -->\n<title>Visita de una delegaci\u00f3n de la DO Empord\u00e0 a la DOQ Priorat - Consell Regulador de la DOQ Priorat<\/title>\n<meta name=\"robots\" content=\"index, follow, max-snippet:-1, max-image-preview:large, max-video-preview:-1\" \/>\n<link rel=\"canonical\" href=\"https:\/\/www.doqpriorat.org\/es\/actualidad\/visita-de-una-delegacion-de-la-do-emporda-a-la-doq-priorat\/\" \/>\n<meta property=\"og:locale\" content=\"es_ES\" \/>\n<meta property=\"og:type\" content=\"article\" \/>\n<meta property=\"og:title\" content=\"Visita de una delegaci\u00f3n de la DO Empord\u00e0 a la DOQ Priorat - Consell Regulador de la DOQ Priorat\" \/>\n<meta property=\"og:description\" content=\"Una delegaci\u00f3n formada por unos 40 productores y viticultores, as\u00ed [&hellip;]\" \/>\n<meta property=\"og:url\" content=\"https:\/\/www.doqpriorat.org\/es\/actualidad\/visita-de-una-delegacion-de-la-do-emporda-a-la-doq-priorat\/\" \/>\n<meta property=\"og:site_name\" content=\"Consell Regulador de la DOQ Priorat\" \/>\n<meta property=\"article:published_time\" content=\"2015-03-08T07:04:50+00:00\" \/>\n<meta property=\"og:image\" content=\"https:\/\/www.doqpriorat.org\/wp-content\/uploads\/2015\/03\/visita-do-emporda-a-doq-priorat.jpg\" \/>\n\t<meta property=\"og:image:width\" content=\"2048\" \/>\n\t<meta property=\"og:image:height\" content=\"2048\" \/>\n\t<meta property=\"og:image:type\" content=\"image\/jpeg\" \/>\n<meta name=\"author\" content=\"doqpriorat\" \/>\n<meta name=\"twitter:card\" content=\"summary_large_image\" \/>\n<meta name=\"twitter:label1\" content=\"Escrito por\" \/>\n\t<meta name=\"twitter:data1\" content=\"doqpriorat\" \/>\n\t<meta name=\"twitter:label2\" content=\"Tiempo de lectura\" \/>\n\t<meta name=\"twitter:data2\" content=\"1 minuto\" \/>\n<script type=\"application\/ld+json\" class=\"yoast-schema-graph\">{\"@context\":\"https:\\\/\\\/schema.org\",\"@graph\":[{\"@type\":\"Article\",\"@id\":\"https:\\\/\\\/www.doqpriorat.org\\\/es\\\/actualidad\\\/visita-de-una-delegacion-de-la-do-emporda-a-la-doq-priorat\\\/#article\",\"isPartOf\":{\"@id\":\"https:\\\/\\\/www.doqpriorat.org\\\/es\\\/actualidad\\\/visita-de-una-delegacion-de-la-do-emporda-a-la-doq-priorat\\\/\"},\"author\":{\"name\":\"doqpriorat\",\"@id\":\"https:\\\/\\\/www.doqpriorat.org\\\/#\\\/schema\\\/person\\\/aca7e5b5e07c022e495093f28e65016e\"},\"headline\":\"Visita de una delegaci\u00f3n de la DO Empord\u00e0 a la DOQ Priorat\",\"datePublished\":\"2015-03-08T07:04:50+00:00\",\"mainEntityOfPage\":{\"@id\":\"https:\\\/\\\/www.doqpriorat.org\\\/es\\\/actualidad\\\/visita-de-una-delegacion-de-la-do-emporda-a-la-doq-priorat\\\/\"},\"wordCount\":174,\"image\":{\"@id\":\"https:\\\/\\\/www.doqpriorat.org\\\/es\\\/actualidad\\\/visita-de-una-delegacion-de-la-do-emporda-a-la-doq-priorat\\\/#primaryimage\"},\"thumbnailUrl\":\"https:\\\/\\\/www.doqpriorat.org\\\/wp-content\\\/uploads\\\/2015\\\/03\\\/visita-do-emporda-a-doq-priorat.jpg\",\"articleSection\":[\"Actualidad\"],\"inLanguage\":\"es\"},{\"@type\":\"WebPage\",\"@id\":\"https:\\\/\\\/www.doqpriorat.org\\\/es\\\/actualidad\\\/visita-de-una-delegacion-de-la-do-emporda-a-la-doq-priorat\\\/\",\"url\":\"https:\\\/\\\/www.doqpriorat.org\\\/es\\\/actualidad\\\/visita-de-una-delegacion-de-la-do-emporda-a-la-doq-priorat\\\/\",\"name\":\"Visita de una delegaci\u00f3n de la DO Empord\u00e0 a la DOQ Priorat - Consell Regulador de la DOQ Priorat\",\"isPartOf\":{\"@id\":\"https:\\\/\\\/www.doqpriorat.org\\\/#website\"},\"primaryImageOfPage\":{\"@id\":\"https:\\\/\\\/www.doqpriorat.org\\\/es\\\/actualidad\\\/visita-de-una-delegacion-de-la-do-emporda-a-la-doq-priorat\\\/#primaryimage\"},\"image\":{\"@id\":\"https:\\\/\\\/www.doqpriorat.org\\\/es\\\/actualidad\\\/visita-de-una-delegacion-de-la-do-emporda-a-la-doq-priorat\\\/#primaryimage\"},\"thumbnailUrl\":\"https:\\\/\\\/www.doqpriorat.org\\\/wp-content\\\/uploads\\\/2015\\\/03\\\/visita-do-emporda-a-doq-priorat.jpg\",\"datePublished\":\"2015-03-08T07:04:50+00:00\",\"author\":{\"@id\":\"https:\\\/\\\/www.doqpriorat.org\\\/#\\\/schema\\\/person\\\/aca7e5b5e07c022e495093f28e65016e\"},\"breadcrumb\":{\"@id\":\"https:\\\/\\\/www.doqpriorat.org\\\/es\\\/actualidad\\\/visita-de-una-delegacion-de-la-do-emporda-a-la-doq-priorat\\\/#breadcrumb\"},\"inLanguage\":\"es\",\"potentialAction\":[{\"@type\":\"ReadAction\",\"target\":[\"https:\\\/\\\/www.doqpriorat.org\\\/es\\\/actualidad\\\/visita-de-una-delegacion-de-la-do-emporda-a-la-doq-priorat\\\/\"]}]},{\"@type\":\"ImageObject\",\"inLanguage\":\"es\",\"@id\":\"https:\\\/\\\/www.doqpriorat.org\\\/es\\\/actualidad\\\/visita-de-una-delegacion-de-la-do-emporda-a-la-doq-priorat\\\/#primaryimage\",\"url\":\"https:\\\/\\\/www.doqpriorat.org\\\/wp-content\\\/uploads\\\/2015\\\/03\\\/visita-do-emporda-a-doq-priorat.jpg\",\"contentUrl\":\"https:\\\/\\\/www.doqpriorat.org\\\/wp-content\\\/uploads\\\/2015\\\/03\\\/visita-do-emporda-a-doq-priorat.jpg\",\"width\":2048,\"height\":2048,\"caption\":\"Image of the visit to a vineyard in Porrera\"},{\"@type\":\"BreadcrumbList\",\"@id\":\"https:\\\/\\\/www.doqpriorat.org\\\/es\\\/actualidad\\\/visita-de-una-delegacion-de-la-do-emporda-a-la-doq-priorat\\\/#breadcrumb\",\"itemListElement\":[{\"@type\":\"ListItem\",\"position\":1,\"name\":\"Inici\",\"item\":\"https:\\\/\\\/www.doqpriorat.org\\\/es\\\/\"},{\"@type\":\"ListItem\",\"position\":2,\"name\":\"Visita de una delegaci\u00f3n de la DO Empord\u00e0 a la DOQ Priorat\"}]},{\"@type\":\"WebSite\",\"@id\":\"https:\\\/\\\/www.doqpriorat.org\\\/#website\",\"url\":\"https:\\\/\\\/www.doqpriorat.org\\\/\",\"name\":\"Consell Regulador de la DOQ Priorat\",\"description\":\"Altre lloc gestionat amb el WordPress\",\"potentialAction\":[{\"@type\":\"SearchAction\",\"target\":{\"@type\":\"EntryPoint\",\"urlTemplate\":\"https:\\\/\\\/www.doqpriorat.org\\\/?s={search_term_string}\"},\"query-input\":{\"@type\":\"PropertyValueSpecification\",\"valueRequired\":true,\"valueName\":\"search_term_string\"}}],\"inLanguage\":\"es\"},{\"@type\":\"Person\",\"@id\":\"https:\\\/\\\/www.doqpriorat.org\\\/#\\\/schema\\\/person\\\/aca7e5b5e07c022e495093f28e65016e\",\"name\":\"doqpriorat\",\"image\":{\"@type\":\"ImageObject\",\"inLanguage\":\"es\",\"@id\":\"https:\\\/\\\/secure.gravatar.com\\\/avatar\\\/5413e1d6ebf16644f3b65b7d1587a9fe154bd32ef4981c78ee4dafed9a0ebe12?s=96&d=mm&r=g\",\"url\":\"https:\\\/\\\/secure.gravatar.com\\\/avatar\\\/5413e1d6ebf16644f3b65b7d1587a9fe154bd32ef4981c78ee4dafed9a0ebe12?s=96&d=mm&r=g\",\"contentUrl\":\"https:\\\/\\\/secure.gravatar.com\\\/avatar\\\/5413e1d6ebf16644f3b65b7d1587a9fe154bd32ef4981c78ee4dafed9a0ebe12?s=96&d=mm&r=g\",\"caption\":\"doqpriorat\"},\"url\":\"https:\\\/\\\/www.doqpriorat.org\\\/es\\\/author\\\/doqpriorat\\\/\"}]}<\/script>\n<!-- \/ Yoast SEO plugin. -->","yoast_head_json":{"title":"Visita de una delegaci\u00f3n de la DO Empord\u00e0 a la DOQ Priorat - Consell Regulador de la DOQ Priorat","robots":{"index":"index","follow":"follow","max-snippet":"max-snippet:-1","max-image-preview":"max-image-preview:large","max-video-preview":"max-video-preview:-1"},"canonical":"https:\/\/www.doqpriorat.org\/es\/actualidad\/visita-de-una-delegacion-de-la-do-emporda-a-la-doq-priorat\/","og_locale":"es_ES","og_type":"article","og_title":"Visita de una delegaci\u00f3n de la DO Empord\u00e0 a la DOQ Priorat - Consell Regulador de la DOQ Priorat","og_description":"Una delegaci\u00f3n formada por unos 40 productores y viticultores, as\u00ed [&hellip;]","og_url":"https:\/\/www.doqpriorat.org\/es\/actualidad\/visita-de-una-delegacion-de-la-do-emporda-a-la-doq-priorat\/","og_site_name":"Consell Regulador de la DOQ Priorat","article_published_time":"2015-03-08T07:04:50+00:00","og_image":[{"width":2048,"height":2048,"url":"https:\/\/www.doqpriorat.org\/wp-content\/uploads\/2015\/03\/visita-do-emporda-a-doq-priorat.jpg","type":"image\/jpeg"}],"author":"doqpriorat","twitter_card":"summary_large_image","twitter_misc":{"Escrito por":"doqpriorat","Tiempo de lectura":"1 minuto"},"schema":{"@context":"https:\/\/schema.org","@graph":[{"@type":"Article","@id":"https:\/\/www.doqpriorat.org\/es\/actualidad\/visita-de-una-delegacion-de-la-do-emporda-a-la-doq-priorat\/#article","isPartOf":{"@id":"https:\/\/www.doqpriorat.org\/es\/actualidad\/visita-de-una-delegacion-de-la-do-emporda-a-la-doq-priorat\/"},"author":{"name":"doqpriorat","@id":"https:\/\/www.doqpriorat.org\/#\/schema\/person\/aca7e5b5e07c022e495093f28e65016e"},"headline":"Visita de una delegaci\u00f3n de la DO Empord\u00e0 a la DOQ Priorat","datePublished":"2015-03-08T07:04:50+00:00","mainEntityOfPage":{"@id":"https:\/\/www.doqpriorat.org\/es\/actualidad\/visita-de-una-delegacion-de-la-do-emporda-a-la-doq-priorat\/"},"wordCount":174,"image":{"@id":"https:\/\/www.doqpriorat.org\/es\/actualidad\/visita-de-una-delegacion-de-la-do-emporda-a-la-doq-priorat\/#primaryimage"},"thumbnailUrl":"https:\/\/www.doqpriorat.org\/wp-content\/uploads\/2015\/03\/visita-do-emporda-a-doq-priorat.jpg","articleSection":["Actualidad"],"inLanguage":"es"},{"@type":"WebPage","@id":"https:\/\/www.doqpriorat.org\/es\/actualidad\/visita-de-una-delegacion-de-la-do-emporda-a-la-doq-priorat\/","url":"https:\/\/www.doqpriorat.org\/es\/actualidad\/visita-de-una-delegacion-de-la-do-emporda-a-la-doq-priorat\/","name":"Visita de una delegaci\u00f3n de la DO Empord\u00e0 a la DOQ Priorat - Consell Regulador de la DOQ Priorat","isPartOf":{"@id":"https:\/\/www.doqpriorat.org\/#website"},"primaryImageOfPage":{"@id":"https:\/\/www.doqpriorat.org\/es\/actualidad\/visita-de-una-delegacion-de-la-do-emporda-a-la-doq-priorat\/#primaryimage"},"image":{"@id":"https:\/\/www.doqpriorat.org\/es\/actualidad\/visita-de-una-delegacion-de-la-do-emporda-a-la-doq-priorat\/#primaryimage"},"thumbnailUrl":"https:\/\/www.doqpriorat.org\/wp-content\/uploads\/2015\/03\/visita-do-emporda-a-doq-priorat.jpg","datePublished":"2015-03-08T07:04:50+00:00","author":{"@id":"https:\/\/www.doqpriorat.org\/#\/schema\/person\/aca7e5b5e07c022e495093f28e65016e"},"breadcrumb":{"@id":"https:\/\/www.doqpriorat.org\/es\/actualidad\/visita-de-una-delegacion-de-la-do-emporda-a-la-doq-priorat\/#breadcrumb"},"inLanguage":"es","potentialAction":[{"@type":"ReadAction","target":["https:\/\/www.doqpriorat.org\/es\/actualidad\/visita-de-una-delegacion-de-la-do-emporda-a-la-doq-priorat\/"]}]},{"@type":"ImageObject","inLanguage":"es","@id":"https:\/\/www.doqpriorat.org\/es\/actualidad\/visita-de-una-delegacion-de-la-do-emporda-a-la-doq-priorat\/#primaryimage","url":"https:\/\/www.doqpriorat.org\/wp-content\/uploads\/2015\/03\/visita-do-emporda-a-doq-priorat.jpg","contentUrl":"https:\/\/www.doqpriorat.org\/wp-content\/uploads\/2015\/03\/visita-do-emporda-a-doq-priorat.jpg","width":2048,"height":2048,"caption":"Image of the visit to a vineyard in Porrera"},{"@type":"BreadcrumbList","@id":"https:\/\/www.doqpriorat.org\/es\/actualidad\/visita-de-una-delegacion-de-la-do-emporda-a-la-doq-priorat\/#breadcrumb","itemListElement":[{"@type":"ListItem","position":1,"name":"Inici","item":"https:\/\/www.doqpriorat.org\/es\/"},{"@type":"ListItem","position":2,"name":"Visita de una delegaci\u00f3n de la DO Empord\u00e0 a la DOQ Priorat"}]},{"@type":"WebSite","@id":"https:\/\/www.doqpriorat.org\/#website","url":"https:\/\/www.doqpriorat.org\/","name":"Consell Regulador de la DOQ Priorat","description":"Altre lloc gestionat amb el WordPress","potentialAction":[{"@type":"SearchAction","target":{"@type":"EntryPoint","urlTemplate":"https:\/\/www.doqpriorat.org\/?s={search_term_string}"},"query-input":{"@type":"PropertyValueSpecification","valueRequired":true,"valueName":"search_term_string"}}],"inLanguage":"es"},{"@type":"Person","@id":"https:\/\/www.doqpriorat.org\/#\/schema\/person\/aca7e5b5e07c022e495093f28e65016e","name":"doqpriorat","image":{"@type":"ImageObject","inLanguage":"es","@id":"https:\/\/secure.gravatar.com\/avatar\/5413e1d6ebf16644f3b65b7d1587a9fe154bd32ef4981c78ee4dafed9a0ebe12?s=96&d=mm&r=g","url":"https:\/\/secure.gravatar.com\/avatar\/5413e1d6ebf16644f3b65b7d1587a9fe154bd32ef4981c78ee4dafed9a0ebe12?s=96&d=mm&r=g","contentUrl":"https:\/\/secure.gravatar.com\/avatar\/5413e1d6ebf16644f3b65b7d1587a9fe154bd32ef4981c78ee4dafed9a0ebe12?s=96&d=mm&r=g","caption":"doqpriorat"},"url":"https:\/\/www.doqpriorat.org\/es\/author\/doqpriorat\/"}]}},"_links":{"self":[{"href":"https:\/\/www.doqpriorat.org\/es\/wp-json\/wp\/v2\/posts\/1332","targetHints":{"allow":["GET"]}}],"collection":[{"href":"https:\/\/www.doqpriorat.org\/es\/wp-json\/wp\/v2\/posts"}],"about":[{"href":"https:\/\/www.doqpriorat.org\/es\/wp-json\/wp\/v2\/types\/post"}],"author":[{"embeddable":true,"href":"https:\/\/www.doqpriorat.org\/es\/wp-json\/wp\/v2\/users\/1"}],"replies":[{"embeddable":true,"href":"https:\/\/www.doqpriorat.org\/es\/wp-json\/wp\/v2\/comments?post=1332"}],"version-history":[{"count":0,"href":"https:\/\/www.doqpriorat.org\/es\/wp-json\/wp\/v2\/posts\/1332\/revisions"}],"wp:featuredmedia":[{"embeddable":true,"href":"https:\/\/www.doqpriorat.org\/es\/wp-json\/wp\/v2\/media\/1327"}],"wp:attachment":[{"href":"https:\/\/www.doqpriorat.org\/es\/wp-json\/wp\/v2\/media?parent=1332"}],"wp:term":[{"taxonomy":"category","embeddable":true,"href":"https:\/\/www.doqpriorat.org\/es\/wp-json\/wp\/v2\/categories?post=1332"},{"taxonomy":"post_tag","embeddable":true,"href":"https:\/\/www.doqpriorat.org\/es\/wp-json\/wp\/v2\/tags?post=1332"}],"curies":[{"name":"wp","href":"https:\/\/api.w.org\/{rel}","templated":true}]}}