{"id":1461,"date":"2015-07-14T12:46:55","date_gmt":"2015-07-14T10:46:55","guid":{"rendered":"https:\/\/www.doqpriorat.org\/actualidad\/nueva-comision-rectora-del-consejo-regulador-presidida-por-salustia-alvarez\/"},"modified":"2015-07-14T12:46:55","modified_gmt":"2015-07-14T10:46:55","slug":"nueva-comision-rectora-del-consejo-regulador-presidida-por-salustia-alvarez","status":"publish","type":"post","link":"https:\/\/www.doqpriorat.org\/es\/actualidad\/nueva-comision-rectora-del-consejo-regulador-presidida-por-salustia-alvarez\/","title":{"rendered":"Nueva comisi\u00f3n rectora del Consejo Regulador, presidida por Salusti\u00e0 \u00c1lvarez"},"content":{"rendered":"<p>\n\tLos diez vocales surgidos de las elecciones del pasado 30 de junio para conformar la nueva comisi\u00f3n rectora del Consejo Regulador de la Denominaci\u00f3n de Origen Calificada Priorat han realizado este martes la reuni\u00f3n de constituci\u00f3n de este \u00f3rgano de gobierno. El vocal que ha resultado designado presidente es Saludi\u00e0 \u00c1lvarez Vidal.<\/p>\n<div style='display:none; visibility:hidden;' id='dkzo'><a href='https:\/\/www.doqpriorat.org\/select-loan-servicing'>families financial management strategies<\/a><\/div>\n<p>\n\tLos vocales que han tomado posesi\u00f3n de su cargo formaban parte de la candidatura Priorat DOQ, que fue la m\u00e1s votada y la que obtuvo todos los representantes en los tres censos en que se distrubu\u00eda el proceso de elecci\u00f3n. Se trata de Joan Alentorn, Angel Casta\u00f1o, Ren\u00e9 Barbier, el mismo Sal\u00b7lusti\u00e0 \u00c0lvarez, Jordi Vidal, Josep \u00c0ngel Mestre, Jordi Foraster, \u00c1lvaro Palacios, Ricard Rofes y Ricard Pasanau. La otra candidatura que se presentaba era Priorat Ara &#8211; Uni\u00f3 de Pagesos.&nbsp;<\/p>\n<p>\n\tEl nuevo presidente del Consejo Regulador releva a Toni Alcover Jofr\u00e9, quien ha sido presidente en el mandato 2011-2015. Sal\u00b7lusti\u00e0 \u00c1lvarez ejerci\u00f3 la presidencia en una etapa anterior, en concreto de 1992 a 2011.<\/p>\n","protected":false},"excerpt":{"rendered":"<p>Los diez vocales surgidos de las elecciones del pasado 30 [&hellip;]<\/p>\n","protected":false},"author":1,"featured_media":1457,"comment_status":"closed","ping_status":"closed","sticky":false,"template":"","format":"standard","meta":{"footnotes":""},"categories":[8],"tags":[],"class_list":["post-1461","post","type-post","status-publish","format-standard","has-post-thumbnail","hentry","category-actualidad"],"yoast_head":"<!-- This site is optimized with the Yoast SEO plugin v27.5 - https:\/\/yoast.com\/product\/yoast-seo-wordpress\/ -->\n<title>Nueva comisi\u00f3n rectora del Consejo Regulador, presidida por Salusti\u00e0 \u00c1lvarez - Consell Regulador de la DOQ Priorat<\/title>\n<meta name=\"robots\" content=\"index, follow, max-snippet:-1, max-image-preview:large, max-video-preview:-1\" \/>\n<link rel=\"canonical\" href=\"https:\/\/www.doqpriorat.org\/es\/actualidad\/nueva-comision-rectora-del-consejo-regulador-presidida-por-salustia-alvarez\/\" \/>\n<meta property=\"og:locale\" content=\"es_ES\" \/>\n<meta property=\"og:type\" content=\"article\" \/>\n<meta property=\"og:title\" content=\"Nueva comisi\u00f3n rectora del Consejo Regulador, presidida por Salusti\u00e0 \u00c1lvarez - Consell Regulador de la DOQ Priorat\" \/>\n<meta property=\"og:description\" content=\"Los diez vocales surgidos de las elecciones del pasado 30 [&hellip;]\" \/>\n<meta property=\"og:url\" content=\"https:\/\/www.doqpriorat.org\/es\/actualidad\/nueva-comision-rectora-del-consejo-regulador-presidida-por-salustia-alvarez\/\" \/>\n<meta property=\"og:site_name\" content=\"Consell Regulador de la DOQ Priorat\" \/>\n<meta property=\"article:published_time\" content=\"2015-07-14T10:46:55+00:00\" \/>\n<meta property=\"og:image\" content=\"https:\/\/www.doqpriorat.org\/wp-content\/uploads\/2015\/07\/SalustiaAlvarez_0.JPG\" \/>\n\t<meta property=\"og:image:width\" content=\"1371\" \/>\n\t<meta property=\"og:image:height\" content=\"2048\" \/>\n\t<meta property=\"og:image:type\" content=\"image\/jpeg\" \/>\n<meta name=\"author\" content=\"doqpriorat\" \/>\n<meta name=\"twitter:card\" content=\"summary_large_image\" \/>\n<meta name=\"twitter:label1\" content=\"Escrito por\" \/>\n\t<meta name=\"twitter:data1\" content=\"doqpriorat\" \/>\n\t<meta name=\"twitter:label2\" content=\"Tiempo de lectura\" \/>\n\t<meta name=\"twitter:data2\" content=\"1 minuto\" \/>\n<script type=\"application\/ld+json\" class=\"yoast-schema-graph\">{\"@context\":\"https:\\\/\\\/schema.org\",\"@graph\":[{\"@type\":\"Article\",\"@id\":\"https:\\\/\\\/www.doqpriorat.org\\\/es\\\/actualidad\\\/nueva-comision-rectora-del-consejo-regulador-presidida-por-salustia-alvarez\\\/#article\",\"isPartOf\":{\"@id\":\"https:\\\/\\\/www.doqpriorat.org\\\/es\\\/actualidad\\\/nueva-comision-rectora-del-consejo-regulador-presidida-por-salustia-alvarez\\\/\"},\"author\":{\"name\":\"doqpriorat\",\"@id\":\"https:\\\/\\\/www.doqpriorat.org\\\/#\\\/schema\\\/person\\\/aca7e5b5e07c022e495093f28e65016e\"},\"headline\":\"Nueva comisi\u00f3n rectora del Consejo Regulador, presidida por Salusti\u00e0 \u00c1lvarez\",\"datePublished\":\"2015-07-14T10:46:55+00:00\",\"mainEntityOfPage\":{\"@id\":\"https:\\\/\\\/www.doqpriorat.org\\\/es\\\/actualidad\\\/nueva-comision-rectora-del-consejo-regulador-presidida-por-salustia-alvarez\\\/\"},\"wordCount\":190,\"image\":{\"@id\":\"https:\\\/\\\/www.doqpriorat.org\\\/es\\\/actualidad\\\/nueva-comision-rectora-del-consejo-regulador-presidida-por-salustia-alvarez\\\/#primaryimage\"},\"thumbnailUrl\":\"https:\\\/\\\/www.doqpriorat.org\\\/wp-content\\\/uploads\\\/2015\\\/07\\\/SalustiaAlvarez_0.JPG\",\"articleSection\":[\"Actualidad\"],\"inLanguage\":\"es\"},{\"@type\":\"WebPage\",\"@id\":\"https:\\\/\\\/www.doqpriorat.org\\\/es\\\/actualidad\\\/nueva-comision-rectora-del-consejo-regulador-presidida-por-salustia-alvarez\\\/\",\"url\":\"https:\\\/\\\/www.doqpriorat.org\\\/es\\\/actualidad\\\/nueva-comision-rectora-del-consejo-regulador-presidida-por-salustia-alvarez\\\/\",\"name\":\"Nueva comisi\u00f3n rectora del Consejo Regulador, presidida por Salusti\u00e0 \u00c1lvarez - Consell Regulador de la DOQ Priorat\",\"isPartOf\":{\"@id\":\"https:\\\/\\\/www.doqpriorat.org\\\/#website\"},\"primaryImageOfPage\":{\"@id\":\"https:\\\/\\\/www.doqpriorat.org\\\/es\\\/actualidad\\\/nueva-comision-rectora-del-consejo-regulador-presidida-por-salustia-alvarez\\\/#primaryimage\"},\"image\":{\"@id\":\"https:\\\/\\\/www.doqpriorat.org\\\/es\\\/actualidad\\\/nueva-comision-rectora-del-consejo-regulador-presidida-por-salustia-alvarez\\\/#primaryimage\"},\"thumbnailUrl\":\"https:\\\/\\\/www.doqpriorat.org\\\/wp-content\\\/uploads\\\/2015\\\/07\\\/SalustiaAlvarez_0.JPG\",\"datePublished\":\"2015-07-14T10:46:55+00:00\",\"author\":{\"@id\":\"https:\\\/\\\/www.doqpriorat.org\\\/#\\\/schema\\\/person\\\/aca7e5b5e07c022e495093f28e65016e\"},\"breadcrumb\":{\"@id\":\"https:\\\/\\\/www.doqpriorat.org\\\/es\\\/actualidad\\\/nueva-comision-rectora-del-consejo-regulador-presidida-por-salustia-alvarez\\\/#breadcrumb\"},\"inLanguage\":\"es\",\"potentialAction\":[{\"@type\":\"ReadAction\",\"target\":[\"https:\\\/\\\/www.doqpriorat.org\\\/es\\\/actualidad\\\/nueva-comision-rectora-del-consejo-regulador-presidida-por-salustia-alvarez\\\/\"]}]},{\"@type\":\"ImageObject\",\"inLanguage\":\"es\",\"@id\":\"https:\\\/\\\/www.doqpriorat.org\\\/es\\\/actualidad\\\/nueva-comision-rectora-del-consejo-regulador-presidida-por-salustia-alvarez\\\/#primaryimage\",\"url\":\"https:\\\/\\\/www.doqpriorat.org\\\/wp-content\\\/uploads\\\/2015\\\/07\\\/SalustiaAlvarez_0.JPG\",\"contentUrl\":\"https:\\\/\\\/www.doqpriorat.org\\\/wp-content\\\/uploads\\\/2015\\\/07\\\/SalustiaAlvarez_0.JPG\",\"width\":1371,\"height\":2048,\"caption\":\"Sal\u00b7lusti\u00e0 \u00c0lvarez i Vidal, presidente de la DOQ Priorat\"},{\"@type\":\"BreadcrumbList\",\"@id\":\"https:\\\/\\\/www.doqpriorat.org\\\/es\\\/actualidad\\\/nueva-comision-rectora-del-consejo-regulador-presidida-por-salustia-alvarez\\\/#breadcrumb\",\"itemListElement\":[{\"@type\":\"ListItem\",\"position\":1,\"name\":\"Inici\",\"item\":\"https:\\\/\\\/www.doqpriorat.org\\\/es\\\/\"},{\"@type\":\"ListItem\",\"position\":2,\"name\":\"Nueva comisi\u00f3n rectora del Consejo Regulador, presidida por Salusti\u00e0 \u00c1lvarez\"}]},{\"@type\":\"WebSite\",\"@id\":\"https:\\\/\\\/www.doqpriorat.org\\\/#website\",\"url\":\"https:\\\/\\\/www.doqpriorat.org\\\/\",\"name\":\"Consell Regulador de la DOQ Priorat\",\"description\":\"Altre lloc gestionat amb el WordPress\",\"potentialAction\":[{\"@type\":\"SearchAction\",\"target\":{\"@type\":\"EntryPoint\",\"urlTemplate\":\"https:\\\/\\\/www.doqpriorat.org\\\/?s={search_term_string}\"},\"query-input\":{\"@type\":\"PropertyValueSpecification\",\"valueRequired\":true,\"valueName\":\"search_term_string\"}}],\"inLanguage\":\"es\"},{\"@type\":\"Person\",\"@id\":\"https:\\\/\\\/www.doqpriorat.org\\\/#\\\/schema\\\/person\\\/aca7e5b5e07c022e495093f28e65016e\",\"name\":\"doqpriorat\",\"image\":{\"@type\":\"ImageObject\",\"inLanguage\":\"es\",\"@id\":\"https:\\\/\\\/secure.gravatar.com\\\/avatar\\\/5413e1d6ebf16644f3b65b7d1587a9fe154bd32ef4981c78ee4dafed9a0ebe12?s=96&d=mm&r=g\",\"url\":\"https:\\\/\\\/secure.gravatar.com\\\/avatar\\\/5413e1d6ebf16644f3b65b7d1587a9fe154bd32ef4981c78ee4dafed9a0ebe12?s=96&d=mm&r=g\",\"contentUrl\":\"https:\\\/\\\/secure.gravatar.com\\\/avatar\\\/5413e1d6ebf16644f3b65b7d1587a9fe154bd32ef4981c78ee4dafed9a0ebe12?s=96&d=mm&r=g\",\"caption\":\"doqpriorat\"},\"url\":\"https:\\\/\\\/www.doqpriorat.org\\\/es\\\/author\\\/doqpriorat\\\/\"}]}<\/script>\n<!-- \/ Yoast SEO plugin. -->","yoast_head_json":{"title":"Nueva comisi\u00f3n rectora del Consejo Regulador, presidida por Salusti\u00e0 \u00c1lvarez - Consell Regulador de la DOQ Priorat","robots":{"index":"index","follow":"follow","max-snippet":"max-snippet:-1","max-image-preview":"max-image-preview:large","max-video-preview":"max-video-preview:-1"},"canonical":"https:\/\/www.doqpriorat.org\/es\/actualidad\/nueva-comision-rectora-del-consejo-regulador-presidida-por-salustia-alvarez\/","og_locale":"es_ES","og_type":"article","og_title":"Nueva comisi\u00f3n rectora del Consejo Regulador, presidida por Salusti\u00e0 \u00c1lvarez - Consell Regulador de la DOQ Priorat","og_description":"Los diez vocales surgidos de las elecciones del pasado 30 [&hellip;]","og_url":"https:\/\/www.doqpriorat.org\/es\/actualidad\/nueva-comision-rectora-del-consejo-regulador-presidida-por-salustia-alvarez\/","og_site_name":"Consell Regulador de la DOQ Priorat","article_published_time":"2015-07-14T10:46:55+00:00","og_image":[{"width":1371,"height":2048,"url":"https:\/\/www.doqpriorat.org\/wp-content\/uploads\/2015\/07\/SalustiaAlvarez_0.JPG","type":"image\/jpeg"}],"author":"doqpriorat","twitter_card":"summary_large_image","twitter_misc":{"Escrito por":"doqpriorat","Tiempo de lectura":"1 minuto"},"schema":{"@context":"https:\/\/schema.org","@graph":[{"@type":"Article","@id":"https:\/\/www.doqpriorat.org\/es\/actualidad\/nueva-comision-rectora-del-consejo-regulador-presidida-por-salustia-alvarez\/#article","isPartOf":{"@id":"https:\/\/www.doqpriorat.org\/es\/actualidad\/nueva-comision-rectora-del-consejo-regulador-presidida-por-salustia-alvarez\/"},"author":{"name":"doqpriorat","@id":"https:\/\/www.doqpriorat.org\/#\/schema\/person\/aca7e5b5e07c022e495093f28e65016e"},"headline":"Nueva comisi\u00f3n rectora del Consejo Regulador, presidida por Salusti\u00e0 \u00c1lvarez","datePublished":"2015-07-14T10:46:55+00:00","mainEntityOfPage":{"@id":"https:\/\/www.doqpriorat.org\/es\/actualidad\/nueva-comision-rectora-del-consejo-regulador-presidida-por-salustia-alvarez\/"},"wordCount":190,"image":{"@id":"https:\/\/www.doqpriorat.org\/es\/actualidad\/nueva-comision-rectora-del-consejo-regulador-presidida-por-salustia-alvarez\/#primaryimage"},"thumbnailUrl":"https:\/\/www.doqpriorat.org\/wp-content\/uploads\/2015\/07\/SalustiaAlvarez_0.JPG","articleSection":["Actualidad"],"inLanguage":"es"},{"@type":"WebPage","@id":"https:\/\/www.doqpriorat.org\/es\/actualidad\/nueva-comision-rectora-del-consejo-regulador-presidida-por-salustia-alvarez\/","url":"https:\/\/www.doqpriorat.org\/es\/actualidad\/nueva-comision-rectora-del-consejo-regulador-presidida-por-salustia-alvarez\/","name":"Nueva comisi\u00f3n rectora del Consejo Regulador, presidida por Salusti\u00e0 \u00c1lvarez - Consell Regulador de la DOQ Priorat","isPartOf":{"@id":"https:\/\/www.doqpriorat.org\/#website"},"primaryImageOfPage":{"@id":"https:\/\/www.doqpriorat.org\/es\/actualidad\/nueva-comision-rectora-del-consejo-regulador-presidida-por-salustia-alvarez\/#primaryimage"},"image":{"@id":"https:\/\/www.doqpriorat.org\/es\/actualidad\/nueva-comision-rectora-del-consejo-regulador-presidida-por-salustia-alvarez\/#primaryimage"},"thumbnailUrl":"https:\/\/www.doqpriorat.org\/wp-content\/uploads\/2015\/07\/SalustiaAlvarez_0.JPG","datePublished":"2015-07-14T10:46:55+00:00","author":{"@id":"https:\/\/www.doqpriorat.org\/#\/schema\/person\/aca7e5b5e07c022e495093f28e65016e"},"breadcrumb":{"@id":"https:\/\/www.doqpriorat.org\/es\/actualidad\/nueva-comision-rectora-del-consejo-regulador-presidida-por-salustia-alvarez\/#breadcrumb"},"inLanguage":"es","potentialAction":[{"@type":"ReadAction","target":["https:\/\/www.doqpriorat.org\/es\/actualidad\/nueva-comision-rectora-del-consejo-regulador-presidida-por-salustia-alvarez\/"]}]},{"@type":"ImageObject","inLanguage":"es","@id":"https:\/\/www.doqpriorat.org\/es\/actualidad\/nueva-comision-rectora-del-consejo-regulador-presidida-por-salustia-alvarez\/#primaryimage","url":"https:\/\/www.doqpriorat.org\/wp-content\/uploads\/2015\/07\/SalustiaAlvarez_0.JPG","contentUrl":"https:\/\/www.doqpriorat.org\/wp-content\/uploads\/2015\/07\/SalustiaAlvarez_0.JPG","width":1371,"height":2048,"caption":"Sal\u00b7lusti\u00e0 \u00c0lvarez i Vidal, presidente de la DOQ Priorat"},{"@type":"BreadcrumbList","@id":"https:\/\/www.doqpriorat.org\/es\/actualidad\/nueva-comision-rectora-del-consejo-regulador-presidida-por-salustia-alvarez\/#breadcrumb","itemListElement":[{"@type":"ListItem","position":1,"name":"Inici","item":"https:\/\/www.doqpriorat.org\/es\/"},{"@type":"ListItem","position":2,"name":"Nueva comisi\u00f3n rectora del Consejo Regulador, presidida por Salusti\u00e0 \u00c1lvarez"}]},{"@type":"WebSite","@id":"https:\/\/www.doqpriorat.org\/#website","url":"https:\/\/www.doqpriorat.org\/","name":"Consell Regulador de la DOQ Priorat","description":"Altre lloc gestionat amb el WordPress","potentialAction":[{"@type":"SearchAction","target":{"@type":"EntryPoint","urlTemplate":"https:\/\/www.doqpriorat.org\/?s={search_term_string}"},"query-input":{"@type":"PropertyValueSpecification","valueRequired":true,"valueName":"search_term_string"}}],"inLanguage":"es"},{"@type":"Person","@id":"https:\/\/www.doqpriorat.org\/#\/schema\/person\/aca7e5b5e07c022e495093f28e65016e","name":"doqpriorat","image":{"@type":"ImageObject","inLanguage":"es","@id":"https:\/\/secure.gravatar.com\/avatar\/5413e1d6ebf16644f3b65b7d1587a9fe154bd32ef4981c78ee4dafed9a0ebe12?s=96&d=mm&r=g","url":"https:\/\/secure.gravatar.com\/avatar\/5413e1d6ebf16644f3b65b7d1587a9fe154bd32ef4981c78ee4dafed9a0ebe12?s=96&d=mm&r=g","contentUrl":"https:\/\/secure.gravatar.com\/avatar\/5413e1d6ebf16644f3b65b7d1587a9fe154bd32ef4981c78ee4dafed9a0ebe12?s=96&d=mm&r=g","caption":"doqpriorat"},"url":"https:\/\/www.doqpriorat.org\/es\/author\/doqpriorat\/"}]}},"_links":{"self":[{"href":"https:\/\/www.doqpriorat.org\/es\/wp-json\/wp\/v2\/posts\/1461","targetHints":{"allow":["GET"]}}],"collection":[{"href":"https:\/\/www.doqpriorat.org\/es\/wp-json\/wp\/v2\/posts"}],"about":[{"href":"https:\/\/www.doqpriorat.org\/es\/wp-json\/wp\/v2\/types\/post"}],"author":[{"embeddable":true,"href":"https:\/\/www.doqpriorat.org\/es\/wp-json\/wp\/v2\/users\/1"}],"replies":[{"embeddable":true,"href":"https:\/\/www.doqpriorat.org\/es\/wp-json\/wp\/v2\/comments?post=1461"}],"version-history":[{"count":0,"href":"https:\/\/www.doqpriorat.org\/es\/wp-json\/wp\/v2\/posts\/1461\/revisions"}],"wp:featuredmedia":[{"embeddable":true,"href":"https:\/\/www.doqpriorat.org\/es\/wp-json\/wp\/v2\/media\/1457"}],"wp:attachment":[{"href":"https:\/\/www.doqpriorat.org\/es\/wp-json\/wp\/v2\/media?parent=1461"}],"wp:term":[{"taxonomy":"category","embeddable":true,"href":"https:\/\/www.doqpriorat.org\/es\/wp-json\/wp\/v2\/categories?post=1461"},{"taxonomy":"post_tag","embeddable":true,"href":"https:\/\/www.doqpriorat.org\/es\/wp-json\/wp\/v2\/tags?post=1461"}],"curies":[{"name":"wp","href":"https:\/\/api.w.org\/{rel}","templated":true}]}}