{"id":1985,"date":"2018-09-15T08:16:47","date_gmt":"2018-09-15T06:16:47","guid":{"rendered":"https:\/\/www.doqpriorat.org\/actualitat\/exito-de-la-vendimia-a-la-antigua-de-poboleda\/"},"modified":"2018-09-15T08:16:47","modified_gmt":"2018-09-15T06:16:47","slug":"exito-de-la-vendimia-a-la-antigua-de-poboleda","status":"publish","type":"post","link":"https:\/\/www.doqpriorat.org\/es\/actualidad\/exito-de-la-vendimia-a-la-antigua-de-poboleda\/","title":{"rendered":"\u00c9xito de la vendimia a la antigua de Poboleda"},"content":{"rendered":"<p>\n\tLa vendimia marca tambi\u00e9n el inicio de un nuevo ciclo en la bodega. La entrada de nuevas uvas es sin\u00f3nimo de empezar una nueva a\u00f1ada y de dar continuidad a la vida de las uvas, ahora ya en la bodega.<\/p>\n<p>\n\tDesde hace veinte a\u00f1os que en Poboleda celebramos la fiesta del vino y de la vendimia a la antigua, todo un acontecimiento que pone en valor la historia y la tradici\u00f3n vitivin\u00edcola en el Priorat, el mejor preludio para poder catar los vinos que se elaboran.<\/p>\n","protected":false},"excerpt":{"rendered":"<p>La vendimia marca tambi\u00e9n el inicio de un nuevo ciclo [&hellip;]<\/p>\n","protected":false},"author":1,"featured_media":1981,"comment_status":"closed","ping_status":"closed","sticky":false,"template":"","format":"standard","meta":{"footnotes":""},"categories":[8],"tags":[],"class_list":["post-1985","post","type-post","status-publish","format-standard","has-post-thumbnail","hentry","category-actualidad"],"yoast_head":"<!-- This site is optimized with the Yoast SEO plugin v27.4 - https:\/\/yoast.com\/product\/yoast-seo-wordpress\/ -->\n<title>\u00c9xito de la vendimia a la antigua de Poboleda - Consell Regulador de la DOQ Priorat<\/title>\n<meta name=\"robots\" content=\"index, follow, max-snippet:-1, max-image-preview:large, max-video-preview:-1\" \/>\n<link rel=\"canonical\" href=\"https:\/\/www.doqpriorat.org\/es\/actualidad\/exito-de-la-vendimia-a-la-antigua-de-poboleda\/\" \/>\n<meta property=\"og:locale\" content=\"es_ES\" \/>\n<meta property=\"og:type\" content=\"article\" \/>\n<meta property=\"og:title\" content=\"\u00c9xito de la vendimia a la antigua de Poboleda - Consell Regulador de la DOQ Priorat\" \/>\n<meta property=\"og:description\" content=\"La vendimia marca tambi\u00e9n el inicio de un nuevo ciclo [&hellip;]\" \/>\n<meta property=\"og:url\" content=\"https:\/\/www.doqpriorat.org\/es\/actualidad\/exito-de-la-vendimia-a-la-antigua-de-poboleda\/\" \/>\n<meta property=\"og:site_name\" content=\"Consell Regulador de la DOQ Priorat\" \/>\n<meta property=\"article:published_time\" content=\"2018-09-15T06:16:47+00:00\" \/>\n<meta property=\"og:image\" content=\"https:\/\/www.doqpriorat.org\/wp-content\/uploads\/2018\/09\/40194577_365570624184218_5335918917043014340_n_0.jpg\" \/>\n\t<meta property=\"og:image:width\" content=\"1080\" \/>\n\t<meta property=\"og:image:height\" content=\"720\" \/>\n\t<meta property=\"og:image:type\" content=\"image\/jpeg\" \/>\n<meta name=\"author\" content=\"doqpriorat\" \/>\n<meta name=\"twitter:card\" content=\"summary_large_image\" \/>\n<meta name=\"twitter:label1\" content=\"Escrito por\" \/>\n\t<meta name=\"twitter:data1\" content=\"doqpriorat\" \/>\n<script type=\"application\/ld+json\" class=\"yoast-schema-graph\">{\"@context\":\"https:\\\/\\\/schema.org\",\"@graph\":[{\"@type\":\"Article\",\"@id\":\"https:\\\/\\\/www.doqpriorat.org\\\/es\\\/actualidad\\\/exito-de-la-vendimia-a-la-antigua-de-poboleda\\\/#article\",\"isPartOf\":{\"@id\":\"https:\\\/\\\/www.doqpriorat.org\\\/es\\\/actualidad\\\/exito-de-la-vendimia-a-la-antigua-de-poboleda\\\/\"},\"author\":{\"name\":\"doqpriorat\",\"@id\":\"https:\\\/\\\/www.doqpriorat.org\\\/#\\\/schema\\\/person\\\/aca7e5b5e07c022e495093f28e65016e\"},\"headline\":\"\u00c9xito de la vendimia a la antigua de Poboleda\",\"datePublished\":\"2018-09-15T06:16:47+00:00\",\"mainEntityOfPage\":{\"@id\":\"https:\\\/\\\/www.doqpriorat.org\\\/es\\\/actualidad\\\/exito-de-la-vendimia-a-la-antigua-de-poboleda\\\/\"},\"wordCount\":101,\"image\":{\"@id\":\"https:\\\/\\\/www.doqpriorat.org\\\/es\\\/actualidad\\\/exito-de-la-vendimia-a-la-antigua-de-poboleda\\\/#primaryimage\"},\"thumbnailUrl\":\"https:\\\/\\\/www.doqpriorat.org\\\/wp-content\\\/uploads\\\/2018\\\/09\\\/40194577_365570624184218_5335918917043014340_n_0.jpg\",\"articleSection\":[\"Actualidad\"],\"inLanguage\":\"es\"},{\"@type\":\"WebPage\",\"@id\":\"https:\\\/\\\/www.doqpriorat.org\\\/es\\\/actualidad\\\/exito-de-la-vendimia-a-la-antigua-de-poboleda\\\/\",\"url\":\"https:\\\/\\\/www.doqpriorat.org\\\/es\\\/actualidad\\\/exito-de-la-vendimia-a-la-antigua-de-poboleda\\\/\",\"name\":\"\u00c9xito de la vendimia a la antigua de Poboleda - Consell Regulador de la DOQ Priorat\",\"isPartOf\":{\"@id\":\"https:\\\/\\\/www.doqpriorat.org\\\/#website\"},\"primaryImageOfPage\":{\"@id\":\"https:\\\/\\\/www.doqpriorat.org\\\/es\\\/actualidad\\\/exito-de-la-vendimia-a-la-antigua-de-poboleda\\\/#primaryimage\"},\"image\":{\"@id\":\"https:\\\/\\\/www.doqpriorat.org\\\/es\\\/actualidad\\\/exito-de-la-vendimia-a-la-antigua-de-poboleda\\\/#primaryimage\"},\"thumbnailUrl\":\"https:\\\/\\\/www.doqpriorat.org\\\/wp-content\\\/uploads\\\/2018\\\/09\\\/40194577_365570624184218_5335918917043014340_n_0.jpg\",\"datePublished\":\"2018-09-15T06:16:47+00:00\",\"author\":{\"@id\":\"https:\\\/\\\/www.doqpriorat.org\\\/#\\\/schema\\\/person\\\/aca7e5b5e07c022e495093f28e65016e\"},\"breadcrumb\":{\"@id\":\"https:\\\/\\\/www.doqpriorat.org\\\/es\\\/actualidad\\\/exito-de-la-vendimia-a-la-antigua-de-poboleda\\\/#breadcrumb\"},\"inLanguage\":\"es\",\"potentialAction\":[{\"@type\":\"ReadAction\",\"target\":[\"https:\\\/\\\/www.doqpriorat.org\\\/es\\\/actualidad\\\/exito-de-la-vendimia-a-la-antigua-de-poboleda\\\/\"]}]},{\"@type\":\"ImageObject\",\"inLanguage\":\"es\",\"@id\":\"https:\\\/\\\/www.doqpriorat.org\\\/es\\\/actualidad\\\/exito-de-la-vendimia-a-la-antigua-de-poboleda\\\/#primaryimage\",\"url\":\"https:\\\/\\\/www.doqpriorat.org\\\/wp-content\\\/uploads\\\/2018\\\/09\\\/40194577_365570624184218_5335918917043014340_n_0.jpg\",\"contentUrl\":\"https:\\\/\\\/www.doqpriorat.org\\\/wp-content\\\/uploads\\\/2018\\\/09\\\/40194577_365570624184218_5335918917043014340_n_0.jpg\",\"width\":1080,\"height\":720,\"caption\":\"40194577_365570624184218_5335918917043014340_n.jpg\"},{\"@type\":\"BreadcrumbList\",\"@id\":\"https:\\\/\\\/www.doqpriorat.org\\\/es\\\/actualidad\\\/exito-de-la-vendimia-a-la-antigua-de-poboleda\\\/#breadcrumb\",\"itemListElement\":[{\"@type\":\"ListItem\",\"position\":1,\"name\":\"Inici\",\"item\":\"https:\\\/\\\/www.doqpriorat.org\\\/es\\\/\"},{\"@type\":\"ListItem\",\"position\":2,\"name\":\"\u00c9xito de la vendimia a la antigua de Poboleda\"}]},{\"@type\":\"WebSite\",\"@id\":\"https:\\\/\\\/www.doqpriorat.org\\\/#website\",\"url\":\"https:\\\/\\\/www.doqpriorat.org\\\/\",\"name\":\"Consell Regulador de la DOQ Priorat\",\"description\":\"Altre lloc gestionat amb el WordPress\",\"potentialAction\":[{\"@type\":\"SearchAction\",\"target\":{\"@type\":\"EntryPoint\",\"urlTemplate\":\"https:\\\/\\\/www.doqpriorat.org\\\/?s={search_term_string}\"},\"query-input\":{\"@type\":\"PropertyValueSpecification\",\"valueRequired\":true,\"valueName\":\"search_term_string\"}}],\"inLanguage\":\"es\"},{\"@type\":\"Person\",\"@id\":\"https:\\\/\\\/www.doqpriorat.org\\\/#\\\/schema\\\/person\\\/aca7e5b5e07c022e495093f28e65016e\",\"name\":\"doqpriorat\",\"image\":{\"@type\":\"ImageObject\",\"inLanguage\":\"es\",\"@id\":\"https:\\\/\\\/secure.gravatar.com\\\/avatar\\\/5413e1d6ebf16644f3b65b7d1587a9fe154bd32ef4981c78ee4dafed9a0ebe12?s=96&d=mm&r=g\",\"url\":\"https:\\\/\\\/secure.gravatar.com\\\/avatar\\\/5413e1d6ebf16644f3b65b7d1587a9fe154bd32ef4981c78ee4dafed9a0ebe12?s=96&d=mm&r=g\",\"contentUrl\":\"https:\\\/\\\/secure.gravatar.com\\\/avatar\\\/5413e1d6ebf16644f3b65b7d1587a9fe154bd32ef4981c78ee4dafed9a0ebe12?s=96&d=mm&r=g\",\"caption\":\"doqpriorat\"},\"url\":\"https:\\\/\\\/www.doqpriorat.org\\\/es\\\/author\\\/doqpriorat\\\/\"}]}<\/script>\n<!-- \/ Yoast SEO plugin. -->","yoast_head_json":{"title":"\u00c9xito de la vendimia a la antigua de Poboleda - Consell Regulador de la DOQ Priorat","robots":{"index":"index","follow":"follow","max-snippet":"max-snippet:-1","max-image-preview":"max-image-preview:large","max-video-preview":"max-video-preview:-1"},"canonical":"https:\/\/www.doqpriorat.org\/es\/actualidad\/exito-de-la-vendimia-a-la-antigua-de-poboleda\/","og_locale":"es_ES","og_type":"article","og_title":"\u00c9xito de la vendimia a la antigua de Poboleda - Consell Regulador de la DOQ Priorat","og_description":"La vendimia marca tambi\u00e9n el inicio de un nuevo ciclo [&hellip;]","og_url":"https:\/\/www.doqpriorat.org\/es\/actualidad\/exito-de-la-vendimia-a-la-antigua-de-poboleda\/","og_site_name":"Consell Regulador de la DOQ Priorat","article_published_time":"2018-09-15T06:16:47+00:00","og_image":[{"width":1080,"height":720,"url":"https:\/\/www.doqpriorat.org\/wp-content\/uploads\/2018\/09\/40194577_365570624184218_5335918917043014340_n_0.jpg","type":"image\/jpeg"}],"author":"doqpriorat","twitter_card":"summary_large_image","twitter_misc":{"Escrito por":"doqpriorat"},"schema":{"@context":"https:\/\/schema.org","@graph":[{"@type":"Article","@id":"https:\/\/www.doqpriorat.org\/es\/actualidad\/exito-de-la-vendimia-a-la-antigua-de-poboleda\/#article","isPartOf":{"@id":"https:\/\/www.doqpriorat.org\/es\/actualidad\/exito-de-la-vendimia-a-la-antigua-de-poboleda\/"},"author":{"name":"doqpriorat","@id":"https:\/\/www.doqpriorat.org\/#\/schema\/person\/aca7e5b5e07c022e495093f28e65016e"},"headline":"\u00c9xito de la vendimia a la antigua de Poboleda","datePublished":"2018-09-15T06:16:47+00:00","mainEntityOfPage":{"@id":"https:\/\/www.doqpriorat.org\/es\/actualidad\/exito-de-la-vendimia-a-la-antigua-de-poboleda\/"},"wordCount":101,"image":{"@id":"https:\/\/www.doqpriorat.org\/es\/actualidad\/exito-de-la-vendimia-a-la-antigua-de-poboleda\/#primaryimage"},"thumbnailUrl":"https:\/\/www.doqpriorat.org\/wp-content\/uploads\/2018\/09\/40194577_365570624184218_5335918917043014340_n_0.jpg","articleSection":["Actualidad"],"inLanguage":"es"},{"@type":"WebPage","@id":"https:\/\/www.doqpriorat.org\/es\/actualidad\/exito-de-la-vendimia-a-la-antigua-de-poboleda\/","url":"https:\/\/www.doqpriorat.org\/es\/actualidad\/exito-de-la-vendimia-a-la-antigua-de-poboleda\/","name":"\u00c9xito de la vendimia a la antigua de Poboleda - Consell Regulador de la DOQ Priorat","isPartOf":{"@id":"https:\/\/www.doqpriorat.org\/#website"},"primaryImageOfPage":{"@id":"https:\/\/www.doqpriorat.org\/es\/actualidad\/exito-de-la-vendimia-a-la-antigua-de-poboleda\/#primaryimage"},"image":{"@id":"https:\/\/www.doqpriorat.org\/es\/actualidad\/exito-de-la-vendimia-a-la-antigua-de-poboleda\/#primaryimage"},"thumbnailUrl":"https:\/\/www.doqpriorat.org\/wp-content\/uploads\/2018\/09\/40194577_365570624184218_5335918917043014340_n_0.jpg","datePublished":"2018-09-15T06:16:47+00:00","author":{"@id":"https:\/\/www.doqpriorat.org\/#\/schema\/person\/aca7e5b5e07c022e495093f28e65016e"},"breadcrumb":{"@id":"https:\/\/www.doqpriorat.org\/es\/actualidad\/exito-de-la-vendimia-a-la-antigua-de-poboleda\/#breadcrumb"},"inLanguage":"es","potentialAction":[{"@type":"ReadAction","target":["https:\/\/www.doqpriorat.org\/es\/actualidad\/exito-de-la-vendimia-a-la-antigua-de-poboleda\/"]}]},{"@type":"ImageObject","inLanguage":"es","@id":"https:\/\/www.doqpriorat.org\/es\/actualidad\/exito-de-la-vendimia-a-la-antigua-de-poboleda\/#primaryimage","url":"https:\/\/www.doqpriorat.org\/wp-content\/uploads\/2018\/09\/40194577_365570624184218_5335918917043014340_n_0.jpg","contentUrl":"https:\/\/www.doqpriorat.org\/wp-content\/uploads\/2018\/09\/40194577_365570624184218_5335918917043014340_n_0.jpg","width":1080,"height":720,"caption":"40194577_365570624184218_5335918917043014340_n.jpg"},{"@type":"BreadcrumbList","@id":"https:\/\/www.doqpriorat.org\/es\/actualidad\/exito-de-la-vendimia-a-la-antigua-de-poboleda\/#breadcrumb","itemListElement":[{"@type":"ListItem","position":1,"name":"Inici","item":"https:\/\/www.doqpriorat.org\/es\/"},{"@type":"ListItem","position":2,"name":"\u00c9xito de la vendimia a la antigua de Poboleda"}]},{"@type":"WebSite","@id":"https:\/\/www.doqpriorat.org\/#website","url":"https:\/\/www.doqpriorat.org\/","name":"Consell Regulador de la DOQ Priorat","description":"Altre lloc gestionat amb el WordPress","potentialAction":[{"@type":"SearchAction","target":{"@type":"EntryPoint","urlTemplate":"https:\/\/www.doqpriorat.org\/?s={search_term_string}"},"query-input":{"@type":"PropertyValueSpecification","valueRequired":true,"valueName":"search_term_string"}}],"inLanguage":"es"},{"@type":"Person","@id":"https:\/\/www.doqpriorat.org\/#\/schema\/person\/aca7e5b5e07c022e495093f28e65016e","name":"doqpriorat","image":{"@type":"ImageObject","inLanguage":"es","@id":"https:\/\/secure.gravatar.com\/avatar\/5413e1d6ebf16644f3b65b7d1587a9fe154bd32ef4981c78ee4dafed9a0ebe12?s=96&d=mm&r=g","url":"https:\/\/secure.gravatar.com\/avatar\/5413e1d6ebf16644f3b65b7d1587a9fe154bd32ef4981c78ee4dafed9a0ebe12?s=96&d=mm&r=g","contentUrl":"https:\/\/secure.gravatar.com\/avatar\/5413e1d6ebf16644f3b65b7d1587a9fe154bd32ef4981c78ee4dafed9a0ebe12?s=96&d=mm&r=g","caption":"doqpriorat"},"url":"https:\/\/www.doqpriorat.org\/es\/author\/doqpriorat\/"}]}},"_links":{"self":[{"href":"https:\/\/www.doqpriorat.org\/es\/wp-json\/wp\/v2\/posts\/1985","targetHints":{"allow":["GET"]}}],"collection":[{"href":"https:\/\/www.doqpriorat.org\/es\/wp-json\/wp\/v2\/posts"}],"about":[{"href":"https:\/\/www.doqpriorat.org\/es\/wp-json\/wp\/v2\/types\/post"}],"author":[{"embeddable":true,"href":"https:\/\/www.doqpriorat.org\/es\/wp-json\/wp\/v2\/users\/1"}],"replies":[{"embeddable":true,"href":"https:\/\/www.doqpriorat.org\/es\/wp-json\/wp\/v2\/comments?post=1985"}],"version-history":[{"count":0,"href":"https:\/\/www.doqpriorat.org\/es\/wp-json\/wp\/v2\/posts\/1985\/revisions"}],"wp:featuredmedia":[{"embeddable":true,"href":"https:\/\/www.doqpriorat.org\/es\/wp-json\/wp\/v2\/media\/1981"}],"wp:attachment":[{"href":"https:\/\/www.doqpriorat.org\/es\/wp-json\/wp\/v2\/media?parent=1985"}],"wp:term":[{"taxonomy":"category","embeddable":true,"href":"https:\/\/www.doqpriorat.org\/es\/wp-json\/wp\/v2\/categories?post=1985"},{"taxonomy":"post_tag","embeddable":true,"href":"https:\/\/www.doqpriorat.org\/es\/wp-json\/wp\/v2\/tags?post=1985"}],"curies":[{"name":"wp","href":"https:\/\/api.w.org\/{rel}","templated":true}]}}