{"id":5722,"date":"2024-06-26T18:52:14","date_gmt":"2024-06-26T16:52:14","guid":{"rendered":"https:\/\/www.doqpriorat.org\/?p=5722"},"modified":"2024-06-26T18:52:14","modified_gmt":"2024-06-26T16:52:14","slug":"la-associacio-de-cellers-de-gratallops-organiza-este-sabado-la-gratapride-la-wine-pride-del-priorat","status":"publish","type":"post","link":"https:\/\/www.doqpriorat.org\/es\/notas-de-prensa\/la-associacio-de-cellers-de-gratallops-organiza-este-sabado-la-gratapride-la-wine-pride-del-priorat\/","title":{"rendered":"La Associaci\u00f3 de Cellers de Gratallops organiza, este s\u00e1bado, la Gratapride, la Wine Pride del Priorat"},"content":{"rendered":"<p>La Associaci\u00f3 de Cellers de Gratallops ha organizado para el pr\u00f3ximo 29 de junio la Gratapride, la Wine Pride del Priorat. Un evento que promueve la cultura del vino y tambi\u00e9n el esp\u00edritu abierto y la inclusi\u00f3n que, en este caso, gira en torno al colectivo LGTBIQ+.<\/p>\n<p>El evento se iniciar\u00e1 a las 12h con un taller de creaci\u00f3n de un arco iris dirigido a los ni\u00f1os y tambi\u00e9n una sesi\u00f3n de cuenta cuentos LGTBIQ+ con Gal\u00b7la Rouge Alabart. Durante la ma\u00f1ana tambi\u00e9n se servir\u00e1n catas especializadas que permitir\u00e1n el maridaje de la cultura queer y el vino.<\/p>\n<p>Durante la tarde, Judith Juanhuix, doctora en F\u00edsica por la Universidat Aun\u00f2noma de Barcelona y cient\u00edfica del Sincotr\u00f3n ALBA, adem\u00e1s de activista trans, ser\u00e1 la encargada de realizar el preg\u00f3n de la fiesta. Y a partir de las seis y media, y previa compra del ticket con un coste de 25\u20ac, los participantes podr\u00e1n probar y conocer los vinos que elaboran las siguientes bodegas de la villa de Gratallops de la DOQ Priorat:<\/p>\n<ul>\n<li>\u00c1lvaro Palacios<\/li>\n<li>Atavus<\/li>\n<li>Buil &amp; Gin\u00e9<\/li>\n<li>Cal Batllet \u2013 Celler Ripoll Sans<\/li>\n<li>Celler Balaguer i Cabr\u00e9<\/li>\n<li>Celler Cec\u00edlio<\/li>\n<li>Celler Cesca Vicent<\/li>\n<li>Celler de l\u2019Abadia<\/li>\n<li>Celler Devinssi<\/li>\n<li>Clos de l\u2019Ona<\/li>\n<li>Clos Figueras<\/li>\n<li>Clos Mogador<\/li>\n<li>Clos Pachem<\/li>\n<li>En N\u00fameros Vermells<\/li>\n<li>Finques de Manyetes<\/li>\n<li>Gratavinum<\/li>\n<li>Mas Martinet<\/li>\n<li>Meritxell Pallej\u00e0<\/li>\n<li>Miguel Caldentey<\/li>\n<li>Vin\u00edcola del Priorat<\/li>\n<\/ul>\n<p>Bodegas invitadas: Celler de Cap\u00e7anes i Coca i Fit\u00f3<\/p>\n<p>Gratapride se complementar\u00e1 con un concierto de Grego Tecno y una disco Party 80, que tendr\u00e1 lugar en la pista de la piscina.<\/p>\n<p>La Gratapride est\u00e1 organizada desde la Associaci\u00f3 de Cellers de Gratallops, cuenta tambi\u00e9n con el apoyo del Ajuntament de Gratallops, del Consell Comarcal, del Festival Terrer, el Consejo Regulador de la DOCa Priorat, establecimientos de restauraci\u00f3n y hosteler\u00eda de Gratallops y un gran abanico de empresas de la comarca que apoyan esta iniciativa. Gratapride cuenta con la colaboraci\u00f3n de la Diputaci\u00f3 de Tarragona, Costa Daurada, Generalitat de Catalunya y el Fondo Europeo Agr\u00edcola de Desarrollo Rural PDR 2022 Wine in Moderation.<\/p>\n","protected":false},"excerpt":{"rendered":"<p>La Associaci\u00f3 de Cellers de Gratallops ha organizado para el [&hellip;]<\/p>\n","protected":false},"author":1,"featured_media":5723,"comment_status":"closed","ping_status":"closed","sticky":false,"template":"","format":"standard","meta":{"footnotes":""},"categories":[33],"tags":[],"class_list":["post-5722","post","type-post","status-publish","format-standard","has-post-thumbnail","hentry","category-notas-de-prensa"],"yoast_head":"<!-- This site is optimized with the Yoast SEO plugin v27.4 - https:\/\/yoast.com\/product\/yoast-seo-wordpress\/ -->\n<title>La Associaci\u00f3 de Cellers de Gratallops organiza, este s\u00e1bado, la Gratapride, la Wine Pride del Priorat - Consell Regulador de la DOQ Priorat<\/title>\n<meta name=\"robots\" content=\"index, follow, max-snippet:-1, max-image-preview:large, max-video-preview:-1\" \/>\n<link rel=\"canonical\" href=\"https:\/\/www.doqpriorat.org\/es\/notas-de-prensa\/la-associacio-de-cellers-de-gratallops-organiza-este-sabado-la-gratapride-la-wine-pride-del-priorat\/\" \/>\n<meta property=\"og:locale\" content=\"es_ES\" \/>\n<meta property=\"og:type\" content=\"article\" \/>\n<meta property=\"og:title\" content=\"La Associaci\u00f3 de Cellers de Gratallops organiza, este s\u00e1bado, la Gratapride, la Wine Pride del Priorat - Consell Regulador de la DOQ Priorat\" \/>\n<meta property=\"og:description\" content=\"La Associaci\u00f3 de Cellers de Gratallops ha organizado para el [&hellip;]\" \/>\n<meta property=\"og:url\" content=\"https:\/\/www.doqpriorat.org\/es\/notas-de-prensa\/la-associacio-de-cellers-de-gratallops-organiza-este-sabado-la-gratapride-la-wine-pride-del-priorat\/\" \/>\n<meta property=\"og:site_name\" content=\"Consell Regulador de la DOQ Priorat\" \/>\n<meta property=\"article:published_time\" content=\"2024-06-26T16:52:14+00:00\" \/>\n<meta property=\"og:image\" content=\"https:\/\/www.doqpriorat.org\/wp-content\/uploads\/2024\/06\/GrataPride-logo-1.png\" \/>\n\t<meta property=\"og:image:width\" content=\"1003\" \/>\n\t<meta property=\"og:image:height\" content=\"1266\" \/>\n\t<meta property=\"og:image:type\" content=\"image\/png\" \/>\n<meta name=\"author\" content=\"doqpriorat\" \/>\n<meta name=\"twitter:card\" content=\"summary_large_image\" \/>\n<meta name=\"twitter:label1\" content=\"Escrito por\" \/>\n\t<meta name=\"twitter:data1\" content=\"doqpriorat\" \/>\n\t<meta name=\"twitter:label2\" content=\"Tiempo de lectura\" \/>\n\t<meta name=\"twitter:data2\" content=\"3 minutos\" \/>\n<script type=\"application\/ld+json\" class=\"yoast-schema-graph\">{\"@context\":\"https:\\\/\\\/schema.org\",\"@graph\":[{\"@type\":\"Article\",\"@id\":\"https:\\\/\\\/www.doqpriorat.org\\\/es\\\/notas-de-prensa\\\/la-associacio-de-cellers-de-gratallops-organiza-este-sabado-la-gratapride-la-wine-pride-del-priorat\\\/#article\",\"isPartOf\":{\"@id\":\"https:\\\/\\\/www.doqpriorat.org\\\/es\\\/notas-de-prensa\\\/la-associacio-de-cellers-de-gratallops-organiza-este-sabado-la-gratapride-la-wine-pride-del-priorat\\\/\"},\"author\":{\"name\":\"doqpriorat\",\"@id\":\"https:\\\/\\\/www.doqpriorat.org\\\/#\\\/schema\\\/person\\\/aca7e5b5e07c022e495093f28e65016e\"},\"headline\":\"La Associaci\u00f3 de Cellers de Gratallops organiza, este s\u00e1bado, la Gratapride, la Wine Pride del Priorat\",\"datePublished\":\"2024-06-26T16:52:14+00:00\",\"mainEntityOfPage\":{\"@id\":\"https:\\\/\\\/www.doqpriorat.org\\\/es\\\/notas-de-prensa\\\/la-associacio-de-cellers-de-gratallops-organiza-este-sabado-la-gratapride-la-wine-pride-del-priorat\\\/\"},\"wordCount\":378,\"image\":{\"@id\":\"https:\\\/\\\/www.doqpriorat.org\\\/es\\\/notas-de-prensa\\\/la-associacio-de-cellers-de-gratallops-organiza-este-sabado-la-gratapride-la-wine-pride-del-priorat\\\/#primaryimage\"},\"thumbnailUrl\":\"https:\\\/\\\/www.doqpriorat.org\\\/wp-content\\\/uploads\\\/2024\\\/06\\\/GrataPride-logo-1.png\",\"articleSection\":[\"Notas de prensa\"],\"inLanguage\":\"es\"},{\"@type\":\"WebPage\",\"@id\":\"https:\\\/\\\/www.doqpriorat.org\\\/es\\\/notas-de-prensa\\\/la-associacio-de-cellers-de-gratallops-organiza-este-sabado-la-gratapride-la-wine-pride-del-priorat\\\/\",\"url\":\"https:\\\/\\\/www.doqpriorat.org\\\/es\\\/notas-de-prensa\\\/la-associacio-de-cellers-de-gratallops-organiza-este-sabado-la-gratapride-la-wine-pride-del-priorat\\\/\",\"name\":\"La Associaci\u00f3 de Cellers de Gratallops organiza, este s\u00e1bado, la Gratapride, la Wine Pride del Priorat - Consell Regulador de la DOQ Priorat\",\"isPartOf\":{\"@id\":\"https:\\\/\\\/www.doqpriorat.org\\\/#website\"},\"primaryImageOfPage\":{\"@id\":\"https:\\\/\\\/www.doqpriorat.org\\\/es\\\/notas-de-prensa\\\/la-associacio-de-cellers-de-gratallops-organiza-este-sabado-la-gratapride-la-wine-pride-del-priorat\\\/#primaryimage\"},\"image\":{\"@id\":\"https:\\\/\\\/www.doqpriorat.org\\\/es\\\/notas-de-prensa\\\/la-associacio-de-cellers-de-gratallops-organiza-este-sabado-la-gratapride-la-wine-pride-del-priorat\\\/#primaryimage\"},\"thumbnailUrl\":\"https:\\\/\\\/www.doqpriorat.org\\\/wp-content\\\/uploads\\\/2024\\\/06\\\/GrataPride-logo-1.png\",\"datePublished\":\"2024-06-26T16:52:14+00:00\",\"author\":{\"@id\":\"https:\\\/\\\/www.doqpriorat.org\\\/#\\\/schema\\\/person\\\/aca7e5b5e07c022e495093f28e65016e\"},\"breadcrumb\":{\"@id\":\"https:\\\/\\\/www.doqpriorat.org\\\/es\\\/notas-de-prensa\\\/la-associacio-de-cellers-de-gratallops-organiza-este-sabado-la-gratapride-la-wine-pride-del-priorat\\\/#breadcrumb\"},\"inLanguage\":\"es\",\"potentialAction\":[{\"@type\":\"ReadAction\",\"target\":[\"https:\\\/\\\/www.doqpriorat.org\\\/es\\\/notas-de-prensa\\\/la-associacio-de-cellers-de-gratallops-organiza-este-sabado-la-gratapride-la-wine-pride-del-priorat\\\/\"]}]},{\"@type\":\"ImageObject\",\"inLanguage\":\"es\",\"@id\":\"https:\\\/\\\/www.doqpriorat.org\\\/es\\\/notas-de-prensa\\\/la-associacio-de-cellers-de-gratallops-organiza-este-sabado-la-gratapride-la-wine-pride-del-priorat\\\/#primaryimage\",\"url\":\"https:\\\/\\\/www.doqpriorat.org\\\/wp-content\\\/uploads\\\/2024\\\/06\\\/GrataPride-logo-1.png\",\"contentUrl\":\"https:\\\/\\\/www.doqpriorat.org\\\/wp-content\\\/uploads\\\/2024\\\/06\\\/GrataPride-logo-1.png\",\"width\":1003,\"height\":1266},{\"@type\":\"BreadcrumbList\",\"@id\":\"https:\\\/\\\/www.doqpriorat.org\\\/es\\\/notas-de-prensa\\\/la-associacio-de-cellers-de-gratallops-organiza-este-sabado-la-gratapride-la-wine-pride-del-priorat\\\/#breadcrumb\",\"itemListElement\":[{\"@type\":\"ListItem\",\"position\":1,\"name\":\"Inici\",\"item\":\"https:\\\/\\\/www.doqpriorat.org\\\/es\\\/\"},{\"@type\":\"ListItem\",\"position\":2,\"name\":\"La Associaci\u00f3 de Cellers de Gratallops organiza, este s\u00e1bado, la Gratapride, la Wine Pride del Priorat\"}]},{\"@type\":\"WebSite\",\"@id\":\"https:\\\/\\\/www.doqpriorat.org\\\/#website\",\"url\":\"https:\\\/\\\/www.doqpriorat.org\\\/\",\"name\":\"Consell Regulador de la DOQ Priorat\",\"description\":\"Altre lloc gestionat amb el WordPress\",\"potentialAction\":[{\"@type\":\"SearchAction\",\"target\":{\"@type\":\"EntryPoint\",\"urlTemplate\":\"https:\\\/\\\/www.doqpriorat.org\\\/?s={search_term_string}\"},\"query-input\":{\"@type\":\"PropertyValueSpecification\",\"valueRequired\":true,\"valueName\":\"search_term_string\"}}],\"inLanguage\":\"es\"},{\"@type\":\"Person\",\"@id\":\"https:\\\/\\\/www.doqpriorat.org\\\/#\\\/schema\\\/person\\\/aca7e5b5e07c022e495093f28e65016e\",\"name\":\"doqpriorat\",\"image\":{\"@type\":\"ImageObject\",\"inLanguage\":\"es\",\"@id\":\"https:\\\/\\\/secure.gravatar.com\\\/avatar\\\/5413e1d6ebf16644f3b65b7d1587a9fe154bd32ef4981c78ee4dafed9a0ebe12?s=96&d=mm&r=g\",\"url\":\"https:\\\/\\\/secure.gravatar.com\\\/avatar\\\/5413e1d6ebf16644f3b65b7d1587a9fe154bd32ef4981c78ee4dafed9a0ebe12?s=96&d=mm&r=g\",\"contentUrl\":\"https:\\\/\\\/secure.gravatar.com\\\/avatar\\\/5413e1d6ebf16644f3b65b7d1587a9fe154bd32ef4981c78ee4dafed9a0ebe12?s=96&d=mm&r=g\",\"caption\":\"doqpriorat\"},\"url\":\"https:\\\/\\\/www.doqpriorat.org\\\/es\\\/author\\\/doqpriorat\\\/\"}]}<\/script>\n<!-- \/ Yoast SEO plugin. -->","yoast_head_json":{"title":"La Associaci\u00f3 de Cellers de Gratallops organiza, este s\u00e1bado, la Gratapride, la Wine Pride del Priorat - Consell Regulador de la DOQ Priorat","robots":{"index":"index","follow":"follow","max-snippet":"max-snippet:-1","max-image-preview":"max-image-preview:large","max-video-preview":"max-video-preview:-1"},"canonical":"https:\/\/www.doqpriorat.org\/es\/notas-de-prensa\/la-associacio-de-cellers-de-gratallops-organiza-este-sabado-la-gratapride-la-wine-pride-del-priorat\/","og_locale":"es_ES","og_type":"article","og_title":"La Associaci\u00f3 de Cellers de Gratallops organiza, este s\u00e1bado, la Gratapride, la Wine Pride del Priorat - Consell Regulador de la DOQ Priorat","og_description":"La Associaci\u00f3 de Cellers de Gratallops ha organizado para el [&hellip;]","og_url":"https:\/\/www.doqpriorat.org\/es\/notas-de-prensa\/la-associacio-de-cellers-de-gratallops-organiza-este-sabado-la-gratapride-la-wine-pride-del-priorat\/","og_site_name":"Consell Regulador de la DOQ Priorat","article_published_time":"2024-06-26T16:52:14+00:00","og_image":[{"width":1003,"height":1266,"url":"https:\/\/www.doqpriorat.org\/wp-content\/uploads\/2024\/06\/GrataPride-logo-1.png","type":"image\/png"}],"author":"doqpriorat","twitter_card":"summary_large_image","twitter_misc":{"Escrito por":"doqpriorat","Tiempo de lectura":"3 minutos"},"schema":{"@context":"https:\/\/schema.org","@graph":[{"@type":"Article","@id":"https:\/\/www.doqpriorat.org\/es\/notas-de-prensa\/la-associacio-de-cellers-de-gratallops-organiza-este-sabado-la-gratapride-la-wine-pride-del-priorat\/#article","isPartOf":{"@id":"https:\/\/www.doqpriorat.org\/es\/notas-de-prensa\/la-associacio-de-cellers-de-gratallops-organiza-este-sabado-la-gratapride-la-wine-pride-del-priorat\/"},"author":{"name":"doqpriorat","@id":"https:\/\/www.doqpriorat.org\/#\/schema\/person\/aca7e5b5e07c022e495093f28e65016e"},"headline":"La Associaci\u00f3 de Cellers de Gratallops organiza, este s\u00e1bado, la Gratapride, la Wine Pride del Priorat","datePublished":"2024-06-26T16:52:14+00:00","mainEntityOfPage":{"@id":"https:\/\/www.doqpriorat.org\/es\/notas-de-prensa\/la-associacio-de-cellers-de-gratallops-organiza-este-sabado-la-gratapride-la-wine-pride-del-priorat\/"},"wordCount":378,"image":{"@id":"https:\/\/www.doqpriorat.org\/es\/notas-de-prensa\/la-associacio-de-cellers-de-gratallops-organiza-este-sabado-la-gratapride-la-wine-pride-del-priorat\/#primaryimage"},"thumbnailUrl":"https:\/\/www.doqpriorat.org\/wp-content\/uploads\/2024\/06\/GrataPride-logo-1.png","articleSection":["Notas de prensa"],"inLanguage":"es"},{"@type":"WebPage","@id":"https:\/\/www.doqpriorat.org\/es\/notas-de-prensa\/la-associacio-de-cellers-de-gratallops-organiza-este-sabado-la-gratapride-la-wine-pride-del-priorat\/","url":"https:\/\/www.doqpriorat.org\/es\/notas-de-prensa\/la-associacio-de-cellers-de-gratallops-organiza-este-sabado-la-gratapride-la-wine-pride-del-priorat\/","name":"La Associaci\u00f3 de Cellers de Gratallops organiza, este s\u00e1bado, la Gratapride, la Wine Pride del Priorat - Consell Regulador de la DOQ Priorat","isPartOf":{"@id":"https:\/\/www.doqpriorat.org\/#website"},"primaryImageOfPage":{"@id":"https:\/\/www.doqpriorat.org\/es\/notas-de-prensa\/la-associacio-de-cellers-de-gratallops-organiza-este-sabado-la-gratapride-la-wine-pride-del-priorat\/#primaryimage"},"image":{"@id":"https:\/\/www.doqpriorat.org\/es\/notas-de-prensa\/la-associacio-de-cellers-de-gratallops-organiza-este-sabado-la-gratapride-la-wine-pride-del-priorat\/#primaryimage"},"thumbnailUrl":"https:\/\/www.doqpriorat.org\/wp-content\/uploads\/2024\/06\/GrataPride-logo-1.png","datePublished":"2024-06-26T16:52:14+00:00","author":{"@id":"https:\/\/www.doqpriorat.org\/#\/schema\/person\/aca7e5b5e07c022e495093f28e65016e"},"breadcrumb":{"@id":"https:\/\/www.doqpriorat.org\/es\/notas-de-prensa\/la-associacio-de-cellers-de-gratallops-organiza-este-sabado-la-gratapride-la-wine-pride-del-priorat\/#breadcrumb"},"inLanguage":"es","potentialAction":[{"@type":"ReadAction","target":["https:\/\/www.doqpriorat.org\/es\/notas-de-prensa\/la-associacio-de-cellers-de-gratallops-organiza-este-sabado-la-gratapride-la-wine-pride-del-priorat\/"]}]},{"@type":"ImageObject","inLanguage":"es","@id":"https:\/\/www.doqpriorat.org\/es\/notas-de-prensa\/la-associacio-de-cellers-de-gratallops-organiza-este-sabado-la-gratapride-la-wine-pride-del-priorat\/#primaryimage","url":"https:\/\/www.doqpriorat.org\/wp-content\/uploads\/2024\/06\/GrataPride-logo-1.png","contentUrl":"https:\/\/www.doqpriorat.org\/wp-content\/uploads\/2024\/06\/GrataPride-logo-1.png","width":1003,"height":1266},{"@type":"BreadcrumbList","@id":"https:\/\/www.doqpriorat.org\/es\/notas-de-prensa\/la-associacio-de-cellers-de-gratallops-organiza-este-sabado-la-gratapride-la-wine-pride-del-priorat\/#breadcrumb","itemListElement":[{"@type":"ListItem","position":1,"name":"Inici","item":"https:\/\/www.doqpriorat.org\/es\/"},{"@type":"ListItem","position":2,"name":"La Associaci\u00f3 de Cellers de Gratallops organiza, este s\u00e1bado, la Gratapride, la Wine Pride del Priorat"}]},{"@type":"WebSite","@id":"https:\/\/www.doqpriorat.org\/#website","url":"https:\/\/www.doqpriorat.org\/","name":"Consell Regulador de la DOQ Priorat","description":"Altre lloc gestionat amb el WordPress","potentialAction":[{"@type":"SearchAction","target":{"@type":"EntryPoint","urlTemplate":"https:\/\/www.doqpriorat.org\/?s={search_term_string}"},"query-input":{"@type":"PropertyValueSpecification","valueRequired":true,"valueName":"search_term_string"}}],"inLanguage":"es"},{"@type":"Person","@id":"https:\/\/www.doqpriorat.org\/#\/schema\/person\/aca7e5b5e07c022e495093f28e65016e","name":"doqpriorat","image":{"@type":"ImageObject","inLanguage":"es","@id":"https:\/\/secure.gravatar.com\/avatar\/5413e1d6ebf16644f3b65b7d1587a9fe154bd32ef4981c78ee4dafed9a0ebe12?s=96&d=mm&r=g","url":"https:\/\/secure.gravatar.com\/avatar\/5413e1d6ebf16644f3b65b7d1587a9fe154bd32ef4981c78ee4dafed9a0ebe12?s=96&d=mm&r=g","contentUrl":"https:\/\/secure.gravatar.com\/avatar\/5413e1d6ebf16644f3b65b7d1587a9fe154bd32ef4981c78ee4dafed9a0ebe12?s=96&d=mm&r=g","caption":"doqpriorat"},"url":"https:\/\/www.doqpriorat.org\/es\/author\/doqpriorat\/"}]}},"_links":{"self":[{"href":"https:\/\/www.doqpriorat.org\/es\/wp-json\/wp\/v2\/posts\/5722","targetHints":{"allow":["GET"]}}],"collection":[{"href":"https:\/\/www.doqpriorat.org\/es\/wp-json\/wp\/v2\/posts"}],"about":[{"href":"https:\/\/www.doqpriorat.org\/es\/wp-json\/wp\/v2\/types\/post"}],"author":[{"embeddable":true,"href":"https:\/\/www.doqpriorat.org\/es\/wp-json\/wp\/v2\/users\/1"}],"replies":[{"embeddable":true,"href":"https:\/\/www.doqpriorat.org\/es\/wp-json\/wp\/v2\/comments?post=5722"}],"version-history":[{"count":1,"href":"https:\/\/www.doqpriorat.org\/es\/wp-json\/wp\/v2\/posts\/5722\/revisions"}],"predecessor-version":[{"id":5726,"href":"https:\/\/www.doqpriorat.org\/es\/wp-json\/wp\/v2\/posts\/5722\/revisions\/5726"}],"wp:featuredmedia":[{"embeddable":true,"href":"https:\/\/www.doqpriorat.org\/es\/wp-json\/wp\/v2\/media\/5723"}],"wp:attachment":[{"href":"https:\/\/www.doqpriorat.org\/es\/wp-json\/wp\/v2\/media?parent=5722"}],"wp:term":[{"taxonomy":"category","embeddable":true,"href":"https:\/\/www.doqpriorat.org\/es\/wp-json\/wp\/v2\/categories?post=5722"},{"taxonomy":"post_tag","embeddable":true,"href":"https:\/\/www.doqpriorat.org\/es\/wp-json\/wp\/v2\/tags?post=5722"}],"curies":[{"name":"wp","href":"https:\/\/api.w.org\/{rel}","templated":true}]}}