{"id":5972,"date":"2025-08-13T14:14:45","date_gmt":"2025-08-13T12:14:45","guid":{"rendered":"https:\/\/www.doqpriorat.org\/?p=5972"},"modified":"2025-08-13T14:18:59","modified_gmt":"2025-08-13T12:18:59","slug":"torroja-del-priorat-acogera-el-sabado-16-de-agosto-la-tradicional-nit-de-vins","status":"publish","type":"post","link":"https:\/\/www.doqpriorat.org\/es\/notas-de-prensa\/torroja-del-priorat-acogera-el-sabado-16-de-agosto-la-tradicional-nit-de-vins\/","title":{"rendered":"Torroja del Priorat acoger\u00e1 el s\u00e1bado 16 de agosto la tradicional Nit de Vins"},"content":{"rendered":"<p>Torroja del Priorat acoger\u00e1, el pr\u00f3ximo s\u00e1bado 16 de agosto, la Nit de Vins, que este a\u00f1o llega a la 16\u00aa edici\u00f3n.<\/p>\n<p>El acto, organizado desde el Ayuntamiento, empezar\u00e1 a partir de las ocho de la tarde y se alargar\u00e1 hasta la medianoche.<\/p>\n<p>La Nit de Vins contar\u00e1 con la participaci\u00f3n de las bodegas:<\/p>\n<p>&nbsp;<\/p>\n<p>Bravo Esc\u00f3s<\/p>\n<p>Cristian Franc\u00e8s<\/p>\n<p>Terra de Priorat<\/p>\n<p>Veguer Vinyerons<\/p>\n<p>Aixal\u00e0 Alcait<\/p>\n<p>Argilaga Wines<\/p>\n<p>Adrets del Priorat<\/p>\n<p>Terroir al Limit<\/p>\n<p>Les Rampoines<\/p>\n<p>Sabat\u00e9 i Mur<\/p>\n<p>Vall d\u2019en Comte<\/p>\n<p>&nbsp;<\/p>\n<p>El precio de cata, que incluye hasta ocho degustaciones y cinco euros de descuento en la compra de una botella de vino, es de veinte euros.<\/p>\n<p>La Noche estar\u00e1 amenizada con Carla Motis Trio y tambi\u00e9n contar\u00e1 con la participaci\u00f3n de artesanos, que expondr\u00e1n sus creaciones.<\/p>\n<p>El Consell Regulador de la DOQ Priorat apoya las fiestas de las villas, que tambi\u00e9n disponen de la colaboraci\u00f3n de la Diputaci\u00f3 de Tarragona, a trav\u00e9s del Patronat de Turismo de la Costa Dorada, la Generalidad de Catalu\u00f1a, Wine in Moderation.<\/p>\n","protected":false},"excerpt":{"rendered":"<p>Torroja del Priorat acoger\u00e1, el pr\u00f3ximo s\u00e1bado 16 de agosto, [&hellip;]<\/p>\n","protected":false},"author":2,"featured_media":5970,"comment_status":"closed","ping_status":"closed","sticky":false,"template":"","format":"standard","meta":{"footnotes":""},"categories":[33],"tags":[],"class_list":["post-5972","post","type-post","status-publish","format-standard","has-post-thumbnail","hentry","category-notas-de-prensa"],"yoast_head":"<!-- This site is optimized with the Yoast SEO plugin v27.4 - https:\/\/yoast.com\/product\/yoast-seo-wordpress\/ -->\n<title>Torroja del Priorat acoger\u00e1 el s\u00e1bado 16 de agosto la tradicional Nit de Vins - Consell Regulador de la DOQ Priorat<\/title>\n<meta name=\"robots\" content=\"index, follow, max-snippet:-1, max-image-preview:large, max-video-preview:-1\" \/>\n<link rel=\"canonical\" href=\"https:\/\/www.doqpriorat.org\/es\/notas-de-prensa\/torroja-del-priorat-acogera-el-sabado-16-de-agosto-la-tradicional-nit-de-vins\/\" \/>\n<meta property=\"og:locale\" content=\"es_ES\" \/>\n<meta property=\"og:type\" content=\"article\" \/>\n<meta property=\"og:title\" content=\"Torroja del Priorat acoger\u00e1 el s\u00e1bado 16 de agosto la tradicional Nit de Vins - Consell Regulador de la DOQ Priorat\" \/>\n<meta property=\"og:description\" content=\"Torroja del Priorat acoger\u00e1, el pr\u00f3ximo s\u00e1bado 16 de agosto, [&hellip;]\" \/>\n<meta property=\"og:url\" content=\"https:\/\/www.doqpriorat.org\/es\/notas-de-prensa\/torroja-del-priorat-acogera-el-sabado-16-de-agosto-la-tradicional-nit-de-vins\/\" \/>\n<meta property=\"og:site_name\" content=\"Consell Regulador de la DOQ Priorat\" \/>\n<meta property=\"article:published_time\" content=\"2025-08-13T12:14:45+00:00\" \/>\n<meta property=\"article:modified_time\" content=\"2025-08-13T12:18:59+00:00\" \/>\n<meta property=\"og:image\" content=\"https:\/\/www.doqpriorat.org\/wp-content\/uploads\/2025\/08\/NITDEVINS.png\" \/>\n\t<meta property=\"og:image:width\" content=\"567\" \/>\n\t<meta property=\"og:image:height\" content=\"800\" \/>\n\t<meta property=\"og:image:type\" content=\"image\/png\" \/>\n<meta name=\"author\" content=\"gemmacasale\" \/>\n<meta name=\"twitter:card\" content=\"summary_large_image\" \/>\n<meta name=\"twitter:label1\" content=\"Escrito por\" \/>\n\t<meta name=\"twitter:data1\" content=\"gemmacasale\" \/>\n\t<meta name=\"twitter:label2\" content=\"Tiempo de lectura\" \/>\n\t<meta name=\"twitter:data2\" content=\"2 minutos\" \/>\n<script type=\"application\/ld+json\" class=\"yoast-schema-graph\">{\"@context\":\"https:\\\/\\\/schema.org\",\"@graph\":[{\"@type\":\"Article\",\"@id\":\"https:\\\/\\\/www.doqpriorat.org\\\/es\\\/notas-de-prensa\\\/torroja-del-priorat-acogera-el-sabado-16-de-agosto-la-tradicional-nit-de-vins\\\/#article\",\"isPartOf\":{\"@id\":\"https:\\\/\\\/www.doqpriorat.org\\\/es\\\/notas-de-prensa\\\/torroja-del-priorat-acogera-el-sabado-16-de-agosto-la-tradicional-nit-de-vins\\\/\"},\"author\":{\"name\":\"gemmacasale\",\"@id\":\"https:\\\/\\\/www.doqpriorat.org\\\/#\\\/schema\\\/person\\\/70bc8714a2410a39d0e85df59cddd905\"},\"headline\":\"Torroja del Priorat acoger\u00e1 el s\u00e1bado 16 de agosto la tradicional Nit de Vins\",\"datePublished\":\"2025-08-13T12:14:45+00:00\",\"dateModified\":\"2025-08-13T12:18:59+00:00\",\"mainEntityOfPage\":{\"@id\":\"https:\\\/\\\/www.doqpriorat.org\\\/es\\\/notas-de-prensa\\\/torroja-del-priorat-acogera-el-sabado-16-de-agosto-la-tradicional-nit-de-vins\\\/\"},\"wordCount\":197,\"image\":{\"@id\":\"https:\\\/\\\/www.doqpriorat.org\\\/es\\\/notas-de-prensa\\\/torroja-del-priorat-acogera-el-sabado-16-de-agosto-la-tradicional-nit-de-vins\\\/#primaryimage\"},\"thumbnailUrl\":\"https:\\\/\\\/www.doqpriorat.org\\\/wp-content\\\/uploads\\\/2025\\\/08\\\/NITDEVINS.png\",\"articleSection\":[\"Notas de prensa\"],\"inLanguage\":\"es\"},{\"@type\":\"WebPage\",\"@id\":\"https:\\\/\\\/www.doqpriorat.org\\\/es\\\/notas-de-prensa\\\/torroja-del-priorat-acogera-el-sabado-16-de-agosto-la-tradicional-nit-de-vins\\\/\",\"url\":\"https:\\\/\\\/www.doqpriorat.org\\\/es\\\/notas-de-prensa\\\/torroja-del-priorat-acogera-el-sabado-16-de-agosto-la-tradicional-nit-de-vins\\\/\",\"name\":\"Torroja del Priorat acoger\u00e1 el s\u00e1bado 16 de agosto la tradicional Nit de Vins - Consell Regulador de la DOQ Priorat\",\"isPartOf\":{\"@id\":\"https:\\\/\\\/www.doqpriorat.org\\\/#website\"},\"primaryImageOfPage\":{\"@id\":\"https:\\\/\\\/www.doqpriorat.org\\\/es\\\/notas-de-prensa\\\/torroja-del-priorat-acogera-el-sabado-16-de-agosto-la-tradicional-nit-de-vins\\\/#primaryimage\"},\"image\":{\"@id\":\"https:\\\/\\\/www.doqpriorat.org\\\/es\\\/notas-de-prensa\\\/torroja-del-priorat-acogera-el-sabado-16-de-agosto-la-tradicional-nit-de-vins\\\/#primaryimage\"},\"thumbnailUrl\":\"https:\\\/\\\/www.doqpriorat.org\\\/wp-content\\\/uploads\\\/2025\\\/08\\\/NITDEVINS.png\",\"datePublished\":\"2025-08-13T12:14:45+00:00\",\"dateModified\":\"2025-08-13T12:18:59+00:00\",\"author\":{\"@id\":\"https:\\\/\\\/www.doqpriorat.org\\\/#\\\/schema\\\/person\\\/70bc8714a2410a39d0e85df59cddd905\"},\"breadcrumb\":{\"@id\":\"https:\\\/\\\/www.doqpriorat.org\\\/es\\\/notas-de-prensa\\\/torroja-del-priorat-acogera-el-sabado-16-de-agosto-la-tradicional-nit-de-vins\\\/#breadcrumb\"},\"inLanguage\":\"es\",\"potentialAction\":[{\"@type\":\"ReadAction\",\"target\":[\"https:\\\/\\\/www.doqpriorat.org\\\/es\\\/notas-de-prensa\\\/torroja-del-priorat-acogera-el-sabado-16-de-agosto-la-tradicional-nit-de-vins\\\/\"]}]},{\"@type\":\"ImageObject\",\"inLanguage\":\"es\",\"@id\":\"https:\\\/\\\/www.doqpriorat.org\\\/es\\\/notas-de-prensa\\\/torroja-del-priorat-acogera-el-sabado-16-de-agosto-la-tradicional-nit-de-vins\\\/#primaryimage\",\"url\":\"https:\\\/\\\/www.doqpriorat.org\\\/wp-content\\\/uploads\\\/2025\\\/08\\\/NITDEVINS.png\",\"contentUrl\":\"https:\\\/\\\/www.doqpriorat.org\\\/wp-content\\\/uploads\\\/2025\\\/08\\\/NITDEVINS.png\",\"width\":567,\"height\":800},{\"@type\":\"BreadcrumbList\",\"@id\":\"https:\\\/\\\/www.doqpriorat.org\\\/es\\\/notas-de-prensa\\\/torroja-del-priorat-acogera-el-sabado-16-de-agosto-la-tradicional-nit-de-vins\\\/#breadcrumb\",\"itemListElement\":[{\"@type\":\"ListItem\",\"position\":1,\"name\":\"Inici\",\"item\":\"https:\\\/\\\/www.doqpriorat.org\\\/es\\\/\"},{\"@type\":\"ListItem\",\"position\":2,\"name\":\"Torroja del Priorat acoger\u00e1 el s\u00e1bado 16 de agosto la tradicional Nit de Vins\"}]},{\"@type\":\"WebSite\",\"@id\":\"https:\\\/\\\/www.doqpriorat.org\\\/#website\",\"url\":\"https:\\\/\\\/www.doqpriorat.org\\\/\",\"name\":\"Consell Regulador de la DOQ Priorat\",\"description\":\"Altre lloc gestionat amb el WordPress\",\"potentialAction\":[{\"@type\":\"SearchAction\",\"target\":{\"@type\":\"EntryPoint\",\"urlTemplate\":\"https:\\\/\\\/www.doqpriorat.org\\\/?s={search_term_string}\"},\"query-input\":{\"@type\":\"PropertyValueSpecification\",\"valueRequired\":true,\"valueName\":\"search_term_string\"}}],\"inLanguage\":\"es\"},{\"@type\":\"Person\",\"@id\":\"https:\\\/\\\/www.doqpriorat.org\\\/#\\\/schema\\\/person\\\/70bc8714a2410a39d0e85df59cddd905\",\"name\":\"gemmacasale\",\"image\":{\"@type\":\"ImageObject\",\"inLanguage\":\"es\",\"@id\":\"https:\\\/\\\/secure.gravatar.com\\\/avatar\\\/624813cd4ff554d83bf42804dc50388871d02c83173a4ed8f1dfc5e66b1c1d38?s=96&d=mm&r=g\",\"url\":\"https:\\\/\\\/secure.gravatar.com\\\/avatar\\\/624813cd4ff554d83bf42804dc50388871d02c83173a4ed8f1dfc5e66b1c1d38?s=96&d=mm&r=g\",\"contentUrl\":\"https:\\\/\\\/secure.gravatar.com\\\/avatar\\\/624813cd4ff554d83bf42804dc50388871d02c83173a4ed8f1dfc5e66b1c1d38?s=96&d=mm&r=g\",\"caption\":\"gemmacasale\"},\"url\":\"https:\\\/\\\/www.doqpriorat.org\\\/es\\\/author\\\/gemmacasale\\\/\"}]}<\/script>\n<!-- \/ Yoast SEO plugin. -->","yoast_head_json":{"title":"Torroja del Priorat acoger\u00e1 el s\u00e1bado 16 de agosto la tradicional Nit de Vins - Consell Regulador de la DOQ Priorat","robots":{"index":"index","follow":"follow","max-snippet":"max-snippet:-1","max-image-preview":"max-image-preview:large","max-video-preview":"max-video-preview:-1"},"canonical":"https:\/\/www.doqpriorat.org\/es\/notas-de-prensa\/torroja-del-priorat-acogera-el-sabado-16-de-agosto-la-tradicional-nit-de-vins\/","og_locale":"es_ES","og_type":"article","og_title":"Torroja del Priorat acoger\u00e1 el s\u00e1bado 16 de agosto la tradicional Nit de Vins - Consell Regulador de la DOQ Priorat","og_description":"Torroja del Priorat acoger\u00e1, el pr\u00f3ximo s\u00e1bado 16 de agosto, [&hellip;]","og_url":"https:\/\/www.doqpriorat.org\/es\/notas-de-prensa\/torroja-del-priorat-acogera-el-sabado-16-de-agosto-la-tradicional-nit-de-vins\/","og_site_name":"Consell Regulador de la DOQ Priorat","article_published_time":"2025-08-13T12:14:45+00:00","article_modified_time":"2025-08-13T12:18:59+00:00","og_image":[{"width":567,"height":800,"url":"https:\/\/www.doqpriorat.org\/wp-content\/uploads\/2025\/08\/NITDEVINS.png","type":"image\/png"}],"author":"gemmacasale","twitter_card":"summary_large_image","twitter_misc":{"Escrito por":"gemmacasale","Tiempo de lectura":"2 minutos"},"schema":{"@context":"https:\/\/schema.org","@graph":[{"@type":"Article","@id":"https:\/\/www.doqpriorat.org\/es\/notas-de-prensa\/torroja-del-priorat-acogera-el-sabado-16-de-agosto-la-tradicional-nit-de-vins\/#article","isPartOf":{"@id":"https:\/\/www.doqpriorat.org\/es\/notas-de-prensa\/torroja-del-priorat-acogera-el-sabado-16-de-agosto-la-tradicional-nit-de-vins\/"},"author":{"name":"gemmacasale","@id":"https:\/\/www.doqpriorat.org\/#\/schema\/person\/70bc8714a2410a39d0e85df59cddd905"},"headline":"Torroja del Priorat acoger\u00e1 el s\u00e1bado 16 de agosto la tradicional Nit de Vins","datePublished":"2025-08-13T12:14:45+00:00","dateModified":"2025-08-13T12:18:59+00:00","mainEntityOfPage":{"@id":"https:\/\/www.doqpriorat.org\/es\/notas-de-prensa\/torroja-del-priorat-acogera-el-sabado-16-de-agosto-la-tradicional-nit-de-vins\/"},"wordCount":197,"image":{"@id":"https:\/\/www.doqpriorat.org\/es\/notas-de-prensa\/torroja-del-priorat-acogera-el-sabado-16-de-agosto-la-tradicional-nit-de-vins\/#primaryimage"},"thumbnailUrl":"https:\/\/www.doqpriorat.org\/wp-content\/uploads\/2025\/08\/NITDEVINS.png","articleSection":["Notas de prensa"],"inLanguage":"es"},{"@type":"WebPage","@id":"https:\/\/www.doqpriorat.org\/es\/notas-de-prensa\/torroja-del-priorat-acogera-el-sabado-16-de-agosto-la-tradicional-nit-de-vins\/","url":"https:\/\/www.doqpriorat.org\/es\/notas-de-prensa\/torroja-del-priorat-acogera-el-sabado-16-de-agosto-la-tradicional-nit-de-vins\/","name":"Torroja del Priorat acoger\u00e1 el s\u00e1bado 16 de agosto la tradicional Nit de Vins - Consell Regulador de la DOQ Priorat","isPartOf":{"@id":"https:\/\/www.doqpriorat.org\/#website"},"primaryImageOfPage":{"@id":"https:\/\/www.doqpriorat.org\/es\/notas-de-prensa\/torroja-del-priorat-acogera-el-sabado-16-de-agosto-la-tradicional-nit-de-vins\/#primaryimage"},"image":{"@id":"https:\/\/www.doqpriorat.org\/es\/notas-de-prensa\/torroja-del-priorat-acogera-el-sabado-16-de-agosto-la-tradicional-nit-de-vins\/#primaryimage"},"thumbnailUrl":"https:\/\/www.doqpriorat.org\/wp-content\/uploads\/2025\/08\/NITDEVINS.png","datePublished":"2025-08-13T12:14:45+00:00","dateModified":"2025-08-13T12:18:59+00:00","author":{"@id":"https:\/\/www.doqpriorat.org\/#\/schema\/person\/70bc8714a2410a39d0e85df59cddd905"},"breadcrumb":{"@id":"https:\/\/www.doqpriorat.org\/es\/notas-de-prensa\/torroja-del-priorat-acogera-el-sabado-16-de-agosto-la-tradicional-nit-de-vins\/#breadcrumb"},"inLanguage":"es","potentialAction":[{"@type":"ReadAction","target":["https:\/\/www.doqpriorat.org\/es\/notas-de-prensa\/torroja-del-priorat-acogera-el-sabado-16-de-agosto-la-tradicional-nit-de-vins\/"]}]},{"@type":"ImageObject","inLanguage":"es","@id":"https:\/\/www.doqpriorat.org\/es\/notas-de-prensa\/torroja-del-priorat-acogera-el-sabado-16-de-agosto-la-tradicional-nit-de-vins\/#primaryimage","url":"https:\/\/www.doqpriorat.org\/wp-content\/uploads\/2025\/08\/NITDEVINS.png","contentUrl":"https:\/\/www.doqpriorat.org\/wp-content\/uploads\/2025\/08\/NITDEVINS.png","width":567,"height":800},{"@type":"BreadcrumbList","@id":"https:\/\/www.doqpriorat.org\/es\/notas-de-prensa\/torroja-del-priorat-acogera-el-sabado-16-de-agosto-la-tradicional-nit-de-vins\/#breadcrumb","itemListElement":[{"@type":"ListItem","position":1,"name":"Inici","item":"https:\/\/www.doqpriorat.org\/es\/"},{"@type":"ListItem","position":2,"name":"Torroja del Priorat acoger\u00e1 el s\u00e1bado 16 de agosto la tradicional Nit de Vins"}]},{"@type":"WebSite","@id":"https:\/\/www.doqpriorat.org\/#website","url":"https:\/\/www.doqpriorat.org\/","name":"Consell Regulador de la DOQ Priorat","description":"Altre lloc gestionat amb el WordPress","potentialAction":[{"@type":"SearchAction","target":{"@type":"EntryPoint","urlTemplate":"https:\/\/www.doqpriorat.org\/?s={search_term_string}"},"query-input":{"@type":"PropertyValueSpecification","valueRequired":true,"valueName":"search_term_string"}}],"inLanguage":"es"},{"@type":"Person","@id":"https:\/\/www.doqpriorat.org\/#\/schema\/person\/70bc8714a2410a39d0e85df59cddd905","name":"gemmacasale","image":{"@type":"ImageObject","inLanguage":"es","@id":"https:\/\/secure.gravatar.com\/avatar\/624813cd4ff554d83bf42804dc50388871d02c83173a4ed8f1dfc5e66b1c1d38?s=96&d=mm&r=g","url":"https:\/\/secure.gravatar.com\/avatar\/624813cd4ff554d83bf42804dc50388871d02c83173a4ed8f1dfc5e66b1c1d38?s=96&d=mm&r=g","contentUrl":"https:\/\/secure.gravatar.com\/avatar\/624813cd4ff554d83bf42804dc50388871d02c83173a4ed8f1dfc5e66b1c1d38?s=96&d=mm&r=g","caption":"gemmacasale"},"url":"https:\/\/www.doqpriorat.org\/es\/author\/gemmacasale\/"}]}},"_links":{"self":[{"href":"https:\/\/www.doqpriorat.org\/es\/wp-json\/wp\/v2\/posts\/5972","targetHints":{"allow":["GET"]}}],"collection":[{"href":"https:\/\/www.doqpriorat.org\/es\/wp-json\/wp\/v2\/posts"}],"about":[{"href":"https:\/\/www.doqpriorat.org\/es\/wp-json\/wp\/v2\/types\/post"}],"author":[{"embeddable":true,"href":"https:\/\/www.doqpriorat.org\/es\/wp-json\/wp\/v2\/users\/2"}],"replies":[{"embeddable":true,"href":"https:\/\/www.doqpriorat.org\/es\/wp-json\/wp\/v2\/comments?post=5972"}],"version-history":[{"count":1,"href":"https:\/\/www.doqpriorat.org\/es\/wp-json\/wp\/v2\/posts\/5972\/revisions"}],"predecessor-version":[{"id":5973,"href":"https:\/\/www.doqpriorat.org\/es\/wp-json\/wp\/v2\/posts\/5972\/revisions\/5973"}],"wp:featuredmedia":[{"embeddable":true,"href":"https:\/\/www.doqpriorat.org\/es\/wp-json\/wp\/v2\/media\/5970"}],"wp:attachment":[{"href":"https:\/\/www.doqpriorat.org\/es\/wp-json\/wp\/v2\/media?parent=5972"}],"wp:term":[{"taxonomy":"category","embeddable":true,"href":"https:\/\/www.doqpriorat.org\/es\/wp-json\/wp\/v2\/categories?post=5972"},{"taxonomy":"post_tag","embeddable":true,"href":"https:\/\/www.doqpriorat.org\/es\/wp-json\/wp\/v2\/tags?post=5972"}],"curies":[{"name":"wp","href":"https:\/\/api.w.org\/{rel}","templated":true}]}}