{"id":6064,"date":"2025-12-04T10:57:26","date_gmt":"2025-12-04T08:57:26","guid":{"rendered":"https:\/\/www.doqpriorat.org\/?p=6064"},"modified":"2025-12-04T10:57:26","modified_gmt":"2025-12-04T08:57:26","slug":"las-bodegas-de-la-doq-priorat-presentan-sus-vinos-en-una-jornada-celebrada-en-barcelon","status":"publish","type":"post","link":"https:\/\/www.doqpriorat.org\/es\/notas-de-prensa\/las-bodegas-de-la-doq-priorat-presentan-sus-vinos-en-una-jornada-celebrada-en-barcelon\/","title":{"rendered":"Las bodegas de la DOQ Priorat presentan sus vinos en una jornada celebrada en Barcelon"},"content":{"rendered":"<p class=\"text-build-content\">Cerca de doscientas personas participaron en los diversos actos organizados desde el Consell Regulador de la DOCa Priorat con el apoyo de la Generalitat de Catalunya y el Incavi, en el marco de la conmemoraci\u00f3n de Catalunya, regi\u00f3 mundial de la gastronom\u00eda.<\/p>\n<p class=\"text-build-content\">El evento, que se celebr\u00f3 en las cocheras del Palau Robert, reuni\u00f3 a las bodegas: Bartolom\u00e9, Costers del Priorat, Mas d\u2019en Gil, Celler Clos 93, Fam\u00edlia Torres, Clos Galena, La Conreria, Atavus Priorat, Celler Balaguer i Cabr\u00e9, Clos Mogador, Clos Pachem, Josep Grau Viticultor, Meritxell Pallej\u00e0, Trossos del Priorat, Vin\u00edcola del Priorat, Celler Pasanau, Celler Noguerals, Ritme Celler, Celler Marc Aguil\u00f3, Els Vil\u00b7lusionistes, Burgos Porta, Celler Mas Doix, Celler Sandra Doix, Celler Mas d\u2019en Blei, Genium Celler, Mas la Mola, Al\u00edcia i Josep Viticultors, Celler Alvarez Duran, Celler Cal Pla, Ferrer Bobet, Marco Abella, Merum Priorati, Sangen\u00eds i Vaqu\u00e9, Vall Llach, Bravo Esc\u00f3s, Celler Aixal\u00e0 i Alcait y Celler Cristian Frances, todas ellas inscritas en el Consell Regulador de la DOCa Priorat, las cuales presentaron a profesionales del sector de la hosteler\u00eda y la distribuci\u00f3n una muestra de los vinos que vinifican bajo el paraguas de la DOCa Priorat.<\/p>\n<p><img decoding=\"async\" class=\"alignnone  wp-image-6056\" src=\"https:\/\/www.doqpriorat.org\/wp-content\/uploads\/2025\/12\/TastDoqPriorat20252-1024x683.jpeg\" alt=\"\" width=\"732\" height=\"488\" srcset=\"https:\/\/www.doqpriorat.org\/wp-content\/uploads\/2025\/12\/TastDoqPriorat20252-200x133.jpeg 200w, https:\/\/www.doqpriorat.org\/wp-content\/uploads\/2025\/12\/TastDoqPriorat20252-300x200.jpeg 300w, https:\/\/www.doqpriorat.org\/wp-content\/uploads\/2025\/12\/TastDoqPriorat20252-400x267.jpeg 400w, https:\/\/www.doqpriorat.org\/wp-content\/uploads\/2025\/12\/TastDoqPriorat20252-600x400.jpeg 600w, https:\/\/www.doqpriorat.org\/wp-content\/uploads\/2025\/12\/TastDoqPriorat20252-768x512.jpeg 768w, https:\/\/www.doqpriorat.org\/wp-content\/uploads\/2025\/12\/TastDoqPriorat20252-800x533.jpeg 800w, https:\/\/www.doqpriorat.org\/wp-content\/uploads\/2025\/12\/TastDoqPriorat20252-1024x683.jpeg 1024w, https:\/\/www.doqpriorat.org\/wp-content\/uploads\/2025\/12\/TastDoqPriorat20252-1200x800.jpeg 1200w, https:\/\/www.doqpriorat.org\/wp-content\/uploads\/2025\/12\/TastDoqPriorat20252-1536x1024.jpeg 1536w\" sizes=\"(max-width: 732px) 100vw, 732px\" \/><\/p>\n<p class=\"text-build-content\">El director del Incavi, Joan Gen\u00e9, y el presidente del Consell Regulador de la DOCa Priorat, Salus \u00c0lvarez, participaron en la actividad, que tambi\u00e9n cont\u00f3 con profesionales del sector tur\u00edstico, quienes conocieron las diversas propuestas que ofrecen las bodegas de la DOCa Priorat en el marco de la ruta del vino de la DOQ Priorat.<\/p>\n<p><img decoding=\"async\" class=\"alignnone  wp-image-6059\" src=\"https:\/\/www.doqpriorat.org\/wp-content\/uploads\/2025\/12\/Xef-1024x683.jpeg\" alt=\"\" width=\"767\" height=\"511\" srcset=\"https:\/\/www.doqpriorat.org\/wp-content\/uploads\/2025\/12\/Xef-200x133.jpeg 200w, https:\/\/www.doqpriorat.org\/wp-content\/uploads\/2025\/12\/Xef-300x200.jpeg 300w, https:\/\/www.doqpriorat.org\/wp-content\/uploads\/2025\/12\/Xef-400x267.jpeg 400w, https:\/\/www.doqpriorat.org\/wp-content\/uploads\/2025\/12\/Xef-600x400.jpeg 600w, https:\/\/www.doqpriorat.org\/wp-content\/uploads\/2025\/12\/Xef-768x512.jpeg 768w, https:\/\/www.doqpriorat.org\/wp-content\/uploads\/2025\/12\/Xef-800x533.jpeg 800w, https:\/\/www.doqpriorat.org\/wp-content\/uploads\/2025\/12\/Xef-1024x683.jpeg 1024w, https:\/\/www.doqpriorat.org\/wp-content\/uploads\/2025\/12\/Xef-1200x800.jpeg 1200w, https:\/\/www.doqpriorat.org\/wp-content\/uploads\/2025\/12\/Xef-1536x1024.jpeg 1536w\" sizes=\"(max-width: 767px) 100vw, 767px\" \/><\/p>\n<p class=\"text-build-content\">El evento se complement\u00f3 con degustaciones gastron\u00f3micas elaboradas por el chef Francesc Blanc, con productos del Priorat y bien aderezadas con aceite de oliva virgen extra DOP Siurana, en el marco de la colaboraci\u00f3n que habitualmente desarrollan ambas entidades.<\/p>\n<p><img decoding=\"async\" class=\"alignnone  wp-image-6062\" src=\"https:\/\/www.doqpriorat.org\/wp-content\/uploads\/2025\/12\/TastDOQPriorat2-1024x683.jpeg\" alt=\"\" width=\"813\" height=\"542\" srcset=\"https:\/\/www.doqpriorat.org\/wp-content\/uploads\/2025\/12\/TastDOQPriorat2-200x133.jpeg 200w, https:\/\/www.doqpriorat.org\/wp-content\/uploads\/2025\/12\/TastDOQPriorat2-300x200.jpeg 300w, https:\/\/www.doqpriorat.org\/wp-content\/uploads\/2025\/12\/TastDOQPriorat2-400x267.jpeg 400w, https:\/\/www.doqpriorat.org\/wp-content\/uploads\/2025\/12\/TastDOQPriorat2-600x400.jpeg 600w, https:\/\/www.doqpriorat.org\/wp-content\/uploads\/2025\/12\/TastDOQPriorat2-768x512.jpeg 768w, https:\/\/www.doqpriorat.org\/wp-content\/uploads\/2025\/12\/TastDOQPriorat2-800x533.jpeg 800w, https:\/\/www.doqpriorat.org\/wp-content\/uploads\/2025\/12\/TastDOQPriorat2-1024x683.jpeg 1024w, https:\/\/www.doqpriorat.org\/wp-content\/uploads\/2025\/12\/TastDOQPriorat2-1200x800.jpeg 1200w, https:\/\/www.doqpriorat.org\/wp-content\/uploads\/2025\/12\/TastDOQPriorat2-1536x1024.jpeg 1536w\" sizes=\"(max-width: 813px) 100vw, 813px\" \/><\/p>\n<p class=\"text-build-content\">La sommelier Clara Ant\u00fanez fue la encargada de conducir las dos catas que se celebraron por la tarde. La primera de ellas sirvi\u00f3 para poner el acento en el sistema de clasificaci\u00f3n <strong>Els noms de la Terra<\/strong>, en el cual participaron profesionales del mundo de la sumiller\u00eda que pudieron descubrir las singularidades del proyecto que pone el \u00e9nfasis en el origen del vino: el territorio, con una clasificaci\u00f3n que singulariza el vino DOCa Priorat: vino de Vila, elaborado en alguna de las doce villas vitivin\u00edcolas de la DOCa Priorat; vino de Paratge, vino de Vinya Classificada y vino de Gran Vinya Classificada, adem\u00e1s de las Velles Vinyes.<\/p>\n<p class=\"text-build-content\">A continuaci\u00f3n, se desarroll\u00f3 una cata para p\u00fablico final donde se pudieron degustar vinos de Vila, Paratge y Velles Vinyes.<\/p>\n","protected":false},"excerpt":{"rendered":"<p>Cerca de doscientas personas participaron en los diversos actos organizados [&hellip;]<\/p>\n","protected":false},"author":2,"featured_media":6053,"comment_status":"closed","ping_status":"closed","sticky":false,"template":"","format":"standard","meta":{"footnotes":""},"categories":[33],"tags":[],"class_list":["post-6064","post","type-post","status-publish","format-standard","has-post-thumbnail","hentry","category-notas-de-prensa"],"yoast_head":"<!-- This site is optimized with the Yoast SEO plugin v27.4 - https:\/\/yoast.com\/product\/yoast-seo-wordpress\/ -->\n<title>Las bodegas de la DOQ Priorat presentan sus vinos en una jornada celebrada en Barcelon - Consell Regulador de la DOQ Priorat<\/title>\n<meta name=\"robots\" content=\"index, follow, max-snippet:-1, max-image-preview:large, max-video-preview:-1\" \/>\n<link rel=\"canonical\" href=\"https:\/\/www.doqpriorat.org\/es\/notas-de-prensa\/las-bodegas-de-la-doq-priorat-presentan-sus-vinos-en-una-jornada-celebrada-en-barcelon\/\" \/>\n<meta property=\"og:locale\" content=\"es_ES\" \/>\n<meta property=\"og:type\" content=\"article\" \/>\n<meta property=\"og:title\" content=\"Las bodegas de la DOQ Priorat presentan sus vinos en una jornada celebrada en Barcelon - Consell Regulador de la DOQ Priorat\" \/>\n<meta property=\"og:description\" content=\"Cerca de doscientas personas participaron en los diversos actos organizados [&hellip;]\" \/>\n<meta property=\"og:url\" content=\"https:\/\/www.doqpriorat.org\/es\/notas-de-prensa\/las-bodegas-de-la-doq-priorat-presentan-sus-vinos-en-una-jornada-celebrada-en-barcelon\/\" \/>\n<meta property=\"og:site_name\" content=\"Consell Regulador de la DOQ Priorat\" \/>\n<meta property=\"article:published_time\" content=\"2025-12-04T08:57:26+00:00\" \/>\n<meta property=\"og:image\" content=\"https:\/\/www.doqpriorat.org\/wp-content\/uploads\/2025\/12\/TastDoqPriorat3-scaled.jpeg\" \/>\n\t<meta property=\"og:image:width\" content=\"2560\" \/>\n\t<meta property=\"og:image:height\" content=\"1707\" \/>\n\t<meta property=\"og:image:type\" content=\"image\/jpeg\" \/>\n<meta name=\"author\" content=\"gemmacasale\" \/>\n<meta name=\"twitter:card\" content=\"summary_large_image\" \/>\n<meta name=\"twitter:label1\" content=\"Escrito por\" \/>\n\t<meta name=\"twitter:data1\" content=\"gemmacasale\" \/>\n\t<meta name=\"twitter:label2\" content=\"Tiempo de lectura\" \/>\n\t<meta name=\"twitter:data2\" content=\"4 minutos\" \/>\n<script type=\"application\/ld+json\" class=\"yoast-schema-graph\">{\"@context\":\"https:\\\/\\\/schema.org\",\"@graph\":[{\"@type\":\"Article\",\"@id\":\"https:\\\/\\\/www.doqpriorat.org\\\/es\\\/notas-de-prensa\\\/las-bodegas-de-la-doq-priorat-presentan-sus-vinos-en-una-jornada-celebrada-en-barcelon\\\/#article\",\"isPartOf\":{\"@id\":\"https:\\\/\\\/www.doqpriorat.org\\\/es\\\/notas-de-prensa\\\/las-bodegas-de-la-doq-priorat-presentan-sus-vinos-en-una-jornada-celebrada-en-barcelon\\\/\"},\"author\":{\"name\":\"gemmacasale\",\"@id\":\"https:\\\/\\\/www.doqpriorat.org\\\/#\\\/schema\\\/person\\\/70bc8714a2410a39d0e85df59cddd905\"},\"headline\":\"Las bodegas de la DOQ Priorat presentan sus vinos en una jornada celebrada en Barcelon\",\"datePublished\":\"2025-12-04T08:57:26+00:00\",\"mainEntityOfPage\":{\"@id\":\"https:\\\/\\\/www.doqpriorat.org\\\/es\\\/notas-de-prensa\\\/las-bodegas-de-la-doq-priorat-presentan-sus-vinos-en-una-jornada-celebrada-en-barcelon\\\/\"},\"wordCount\":450,\"image\":{\"@id\":\"https:\\\/\\\/www.doqpriorat.org\\\/es\\\/notas-de-prensa\\\/las-bodegas-de-la-doq-priorat-presentan-sus-vinos-en-una-jornada-celebrada-en-barcelon\\\/#primaryimage\"},\"thumbnailUrl\":\"https:\\\/\\\/www.doqpriorat.org\\\/wp-content\\\/uploads\\\/2025\\\/12\\\/TastDoqPriorat3-scaled.jpeg\",\"articleSection\":[\"Notas de prensa\"],\"inLanguage\":\"es\"},{\"@type\":\"WebPage\",\"@id\":\"https:\\\/\\\/www.doqpriorat.org\\\/es\\\/notas-de-prensa\\\/las-bodegas-de-la-doq-priorat-presentan-sus-vinos-en-una-jornada-celebrada-en-barcelon\\\/\",\"url\":\"https:\\\/\\\/www.doqpriorat.org\\\/es\\\/notas-de-prensa\\\/las-bodegas-de-la-doq-priorat-presentan-sus-vinos-en-una-jornada-celebrada-en-barcelon\\\/\",\"name\":\"Las bodegas de la DOQ Priorat presentan sus vinos en una jornada celebrada en Barcelon - Consell Regulador de la DOQ Priorat\",\"isPartOf\":{\"@id\":\"https:\\\/\\\/www.doqpriorat.org\\\/#website\"},\"primaryImageOfPage\":{\"@id\":\"https:\\\/\\\/www.doqpriorat.org\\\/es\\\/notas-de-prensa\\\/las-bodegas-de-la-doq-priorat-presentan-sus-vinos-en-una-jornada-celebrada-en-barcelon\\\/#primaryimage\"},\"image\":{\"@id\":\"https:\\\/\\\/www.doqpriorat.org\\\/es\\\/notas-de-prensa\\\/las-bodegas-de-la-doq-priorat-presentan-sus-vinos-en-una-jornada-celebrada-en-barcelon\\\/#primaryimage\"},\"thumbnailUrl\":\"https:\\\/\\\/www.doqpriorat.org\\\/wp-content\\\/uploads\\\/2025\\\/12\\\/TastDoqPriorat3-scaled.jpeg\",\"datePublished\":\"2025-12-04T08:57:26+00:00\",\"author\":{\"@id\":\"https:\\\/\\\/www.doqpriorat.org\\\/#\\\/schema\\\/person\\\/70bc8714a2410a39d0e85df59cddd905\"},\"breadcrumb\":{\"@id\":\"https:\\\/\\\/www.doqpriorat.org\\\/es\\\/notas-de-prensa\\\/las-bodegas-de-la-doq-priorat-presentan-sus-vinos-en-una-jornada-celebrada-en-barcelon\\\/#breadcrumb\"},\"inLanguage\":\"es\",\"potentialAction\":[{\"@type\":\"ReadAction\",\"target\":[\"https:\\\/\\\/www.doqpriorat.org\\\/es\\\/notas-de-prensa\\\/las-bodegas-de-la-doq-priorat-presentan-sus-vinos-en-una-jornada-celebrada-en-barcelon\\\/\"]}]},{\"@type\":\"ImageObject\",\"inLanguage\":\"es\",\"@id\":\"https:\\\/\\\/www.doqpriorat.org\\\/es\\\/notas-de-prensa\\\/las-bodegas-de-la-doq-priorat-presentan-sus-vinos-en-una-jornada-celebrada-en-barcelon\\\/#primaryimage\",\"url\":\"https:\\\/\\\/www.doqpriorat.org\\\/wp-content\\\/uploads\\\/2025\\\/12\\\/TastDoqPriorat3-scaled.jpeg\",\"contentUrl\":\"https:\\\/\\\/www.doqpriorat.org\\\/wp-content\\\/uploads\\\/2025\\\/12\\\/TastDoqPriorat3-scaled.jpeg\",\"width\":2560,\"height\":1707},{\"@type\":\"BreadcrumbList\",\"@id\":\"https:\\\/\\\/www.doqpriorat.org\\\/es\\\/notas-de-prensa\\\/las-bodegas-de-la-doq-priorat-presentan-sus-vinos-en-una-jornada-celebrada-en-barcelon\\\/#breadcrumb\",\"itemListElement\":[{\"@type\":\"ListItem\",\"position\":1,\"name\":\"Inici\",\"item\":\"https:\\\/\\\/www.doqpriorat.org\\\/es\\\/\"},{\"@type\":\"ListItem\",\"position\":2,\"name\":\"Las bodegas de la DOQ Priorat presentan sus vinos en una jornada celebrada en Barcelon\"}]},{\"@type\":\"WebSite\",\"@id\":\"https:\\\/\\\/www.doqpriorat.org\\\/#website\",\"url\":\"https:\\\/\\\/www.doqpriorat.org\\\/\",\"name\":\"Consell Regulador de la DOQ Priorat\",\"description\":\"Altre lloc gestionat amb el WordPress\",\"potentialAction\":[{\"@type\":\"SearchAction\",\"target\":{\"@type\":\"EntryPoint\",\"urlTemplate\":\"https:\\\/\\\/www.doqpriorat.org\\\/?s={search_term_string}\"},\"query-input\":{\"@type\":\"PropertyValueSpecification\",\"valueRequired\":true,\"valueName\":\"search_term_string\"}}],\"inLanguage\":\"es\"},{\"@type\":\"Person\",\"@id\":\"https:\\\/\\\/www.doqpriorat.org\\\/#\\\/schema\\\/person\\\/70bc8714a2410a39d0e85df59cddd905\",\"name\":\"gemmacasale\",\"image\":{\"@type\":\"ImageObject\",\"inLanguage\":\"es\",\"@id\":\"https:\\\/\\\/secure.gravatar.com\\\/avatar\\\/624813cd4ff554d83bf42804dc50388871d02c83173a4ed8f1dfc5e66b1c1d38?s=96&d=mm&r=g\",\"url\":\"https:\\\/\\\/secure.gravatar.com\\\/avatar\\\/624813cd4ff554d83bf42804dc50388871d02c83173a4ed8f1dfc5e66b1c1d38?s=96&d=mm&r=g\",\"contentUrl\":\"https:\\\/\\\/secure.gravatar.com\\\/avatar\\\/624813cd4ff554d83bf42804dc50388871d02c83173a4ed8f1dfc5e66b1c1d38?s=96&d=mm&r=g\",\"caption\":\"gemmacasale\"},\"url\":\"https:\\\/\\\/www.doqpriorat.org\\\/es\\\/author\\\/gemmacasale\\\/\"}]}<\/script>\n<!-- \/ Yoast SEO plugin. -->","yoast_head_json":{"title":"Las bodegas de la DOQ Priorat presentan sus vinos en una jornada celebrada en Barcelon - Consell Regulador de la DOQ Priorat","robots":{"index":"index","follow":"follow","max-snippet":"max-snippet:-1","max-image-preview":"max-image-preview:large","max-video-preview":"max-video-preview:-1"},"canonical":"https:\/\/www.doqpriorat.org\/es\/notas-de-prensa\/las-bodegas-de-la-doq-priorat-presentan-sus-vinos-en-una-jornada-celebrada-en-barcelon\/","og_locale":"es_ES","og_type":"article","og_title":"Las bodegas de la DOQ Priorat presentan sus vinos en una jornada celebrada en Barcelon - Consell Regulador de la DOQ Priorat","og_description":"Cerca de doscientas personas participaron en los diversos actos organizados [&hellip;]","og_url":"https:\/\/www.doqpriorat.org\/es\/notas-de-prensa\/las-bodegas-de-la-doq-priorat-presentan-sus-vinos-en-una-jornada-celebrada-en-barcelon\/","og_site_name":"Consell Regulador de la DOQ Priorat","article_published_time":"2025-12-04T08:57:26+00:00","og_image":[{"width":2560,"height":1707,"url":"https:\/\/www.doqpriorat.org\/wp-content\/uploads\/2025\/12\/TastDoqPriorat3-scaled.jpeg","type":"image\/jpeg"}],"author":"gemmacasale","twitter_card":"summary_large_image","twitter_misc":{"Escrito por":"gemmacasale","Tiempo de lectura":"4 minutos"},"schema":{"@context":"https:\/\/schema.org","@graph":[{"@type":"Article","@id":"https:\/\/www.doqpriorat.org\/es\/notas-de-prensa\/las-bodegas-de-la-doq-priorat-presentan-sus-vinos-en-una-jornada-celebrada-en-barcelon\/#article","isPartOf":{"@id":"https:\/\/www.doqpriorat.org\/es\/notas-de-prensa\/las-bodegas-de-la-doq-priorat-presentan-sus-vinos-en-una-jornada-celebrada-en-barcelon\/"},"author":{"name":"gemmacasale","@id":"https:\/\/www.doqpriorat.org\/#\/schema\/person\/70bc8714a2410a39d0e85df59cddd905"},"headline":"Las bodegas de la DOQ Priorat presentan sus vinos en una jornada celebrada en Barcelon","datePublished":"2025-12-04T08:57:26+00:00","mainEntityOfPage":{"@id":"https:\/\/www.doqpriorat.org\/es\/notas-de-prensa\/las-bodegas-de-la-doq-priorat-presentan-sus-vinos-en-una-jornada-celebrada-en-barcelon\/"},"wordCount":450,"image":{"@id":"https:\/\/www.doqpriorat.org\/es\/notas-de-prensa\/las-bodegas-de-la-doq-priorat-presentan-sus-vinos-en-una-jornada-celebrada-en-barcelon\/#primaryimage"},"thumbnailUrl":"https:\/\/www.doqpriorat.org\/wp-content\/uploads\/2025\/12\/TastDoqPriorat3-scaled.jpeg","articleSection":["Notas de prensa"],"inLanguage":"es"},{"@type":"WebPage","@id":"https:\/\/www.doqpriorat.org\/es\/notas-de-prensa\/las-bodegas-de-la-doq-priorat-presentan-sus-vinos-en-una-jornada-celebrada-en-barcelon\/","url":"https:\/\/www.doqpriorat.org\/es\/notas-de-prensa\/las-bodegas-de-la-doq-priorat-presentan-sus-vinos-en-una-jornada-celebrada-en-barcelon\/","name":"Las bodegas de la DOQ Priorat presentan sus vinos en una jornada celebrada en Barcelon - Consell Regulador de la DOQ Priorat","isPartOf":{"@id":"https:\/\/www.doqpriorat.org\/#website"},"primaryImageOfPage":{"@id":"https:\/\/www.doqpriorat.org\/es\/notas-de-prensa\/las-bodegas-de-la-doq-priorat-presentan-sus-vinos-en-una-jornada-celebrada-en-barcelon\/#primaryimage"},"image":{"@id":"https:\/\/www.doqpriorat.org\/es\/notas-de-prensa\/las-bodegas-de-la-doq-priorat-presentan-sus-vinos-en-una-jornada-celebrada-en-barcelon\/#primaryimage"},"thumbnailUrl":"https:\/\/www.doqpriorat.org\/wp-content\/uploads\/2025\/12\/TastDoqPriorat3-scaled.jpeg","datePublished":"2025-12-04T08:57:26+00:00","author":{"@id":"https:\/\/www.doqpriorat.org\/#\/schema\/person\/70bc8714a2410a39d0e85df59cddd905"},"breadcrumb":{"@id":"https:\/\/www.doqpriorat.org\/es\/notas-de-prensa\/las-bodegas-de-la-doq-priorat-presentan-sus-vinos-en-una-jornada-celebrada-en-barcelon\/#breadcrumb"},"inLanguage":"es","potentialAction":[{"@type":"ReadAction","target":["https:\/\/www.doqpriorat.org\/es\/notas-de-prensa\/las-bodegas-de-la-doq-priorat-presentan-sus-vinos-en-una-jornada-celebrada-en-barcelon\/"]}]},{"@type":"ImageObject","inLanguage":"es","@id":"https:\/\/www.doqpriorat.org\/es\/notas-de-prensa\/las-bodegas-de-la-doq-priorat-presentan-sus-vinos-en-una-jornada-celebrada-en-barcelon\/#primaryimage","url":"https:\/\/www.doqpriorat.org\/wp-content\/uploads\/2025\/12\/TastDoqPriorat3-scaled.jpeg","contentUrl":"https:\/\/www.doqpriorat.org\/wp-content\/uploads\/2025\/12\/TastDoqPriorat3-scaled.jpeg","width":2560,"height":1707},{"@type":"BreadcrumbList","@id":"https:\/\/www.doqpriorat.org\/es\/notas-de-prensa\/las-bodegas-de-la-doq-priorat-presentan-sus-vinos-en-una-jornada-celebrada-en-barcelon\/#breadcrumb","itemListElement":[{"@type":"ListItem","position":1,"name":"Inici","item":"https:\/\/www.doqpriorat.org\/es\/"},{"@type":"ListItem","position":2,"name":"Las bodegas de la DOQ Priorat presentan sus vinos en una jornada celebrada en Barcelon"}]},{"@type":"WebSite","@id":"https:\/\/www.doqpriorat.org\/#website","url":"https:\/\/www.doqpriorat.org\/","name":"Consell Regulador de la DOQ Priorat","description":"Altre lloc gestionat amb el WordPress","potentialAction":[{"@type":"SearchAction","target":{"@type":"EntryPoint","urlTemplate":"https:\/\/www.doqpriorat.org\/?s={search_term_string}"},"query-input":{"@type":"PropertyValueSpecification","valueRequired":true,"valueName":"search_term_string"}}],"inLanguage":"es"},{"@type":"Person","@id":"https:\/\/www.doqpriorat.org\/#\/schema\/person\/70bc8714a2410a39d0e85df59cddd905","name":"gemmacasale","image":{"@type":"ImageObject","inLanguage":"es","@id":"https:\/\/secure.gravatar.com\/avatar\/624813cd4ff554d83bf42804dc50388871d02c83173a4ed8f1dfc5e66b1c1d38?s=96&d=mm&r=g","url":"https:\/\/secure.gravatar.com\/avatar\/624813cd4ff554d83bf42804dc50388871d02c83173a4ed8f1dfc5e66b1c1d38?s=96&d=mm&r=g","contentUrl":"https:\/\/secure.gravatar.com\/avatar\/624813cd4ff554d83bf42804dc50388871d02c83173a4ed8f1dfc5e66b1c1d38?s=96&d=mm&r=g","caption":"gemmacasale"},"url":"https:\/\/www.doqpriorat.org\/es\/author\/gemmacasale\/"}]}},"_links":{"self":[{"href":"https:\/\/www.doqpriorat.org\/es\/wp-json\/wp\/v2\/posts\/6064","targetHints":{"allow":["GET"]}}],"collection":[{"href":"https:\/\/www.doqpriorat.org\/es\/wp-json\/wp\/v2\/posts"}],"about":[{"href":"https:\/\/www.doqpriorat.org\/es\/wp-json\/wp\/v2\/types\/post"}],"author":[{"embeddable":true,"href":"https:\/\/www.doqpriorat.org\/es\/wp-json\/wp\/v2\/users\/2"}],"replies":[{"embeddable":true,"href":"https:\/\/www.doqpriorat.org\/es\/wp-json\/wp\/v2\/comments?post=6064"}],"version-history":[{"count":1,"href":"https:\/\/www.doqpriorat.org\/es\/wp-json\/wp\/v2\/posts\/6064\/revisions"}],"predecessor-version":[{"id":6065,"href":"https:\/\/www.doqpriorat.org\/es\/wp-json\/wp\/v2\/posts\/6064\/revisions\/6065"}],"wp:featuredmedia":[{"embeddable":true,"href":"https:\/\/www.doqpriorat.org\/es\/wp-json\/wp\/v2\/media\/6053"}],"wp:attachment":[{"href":"https:\/\/www.doqpriorat.org\/es\/wp-json\/wp\/v2\/media?parent=6064"}],"wp:term":[{"taxonomy":"category","embeddable":true,"href":"https:\/\/www.doqpriorat.org\/es\/wp-json\/wp\/v2\/categories?post=6064"},{"taxonomy":"post_tag","embeddable":true,"href":"https:\/\/www.doqpriorat.org\/es\/wp-json\/wp\/v2\/tags?post=6064"}],"curies":[{"name":"wp","href":"https:\/\/api.w.org\/{rel}","templated":true}]}}