{"id":6256,"date":"2026-04-27T14:10:36","date_gmt":"2026-04-27T12:10:36","guid":{"rendered":"https:\/\/www.doqpriorat.org\/?p=6256"},"modified":"2026-04-27T14:10:36","modified_gmt":"2026-04-27T12:10:36","slug":"jaume-balaguer-es-proclamado-presidente-del-consejo-regulador-de-la-denominacion-de-origen-calificada-priorat","status":"publish","type":"post","link":"https:\/\/www.doqpriorat.org\/es\/notas-de-prensa\/jaume-balaguer-es-proclamado-presidente-del-consejo-regulador-de-la-denominacion-de-origen-calificada-priorat\/","title":{"rendered":"Jaume Balaguer es proclamado presidente del Consejo Regulador de la Denominaci\u00f3n de Origen Calificada Priorat"},"content":{"rendered":"<h4>Jaume Balaguer es proclamado presidente del Consejo Regulador de la Denominaci\u00f3n de Origen Calificada Priorat<\/h4>\n<p>&nbsp;<\/p>\n<p>El viticultor Jaume Balaguer ha sido proclamado hoy presidente del Consejo Regulador de la Denominaci\u00f3n de Origen Calificada (DOQ) Priorat. Balaguer, de cincuenta y cuatro a\u00f1os, es Ingeniero Inform\u00e1tico de formaci\u00f3n y a lo largo de su vida profesional ha estado estrechamente vinculado al Laboratorio de C\u00e1lculo de la Facultad de Inform\u00e1tica de la UPC, al sector tecnol\u00f3gico y tambi\u00e9n a la distribuci\u00f3n de copas de vino. A pesar de que desde 2010 decidi\u00f3 dar un giro a su carrera profesional y regresar al Priorat, donde ejerce de viticultor en la villa de Gratallops, all\u00ed trabaja en la bodega familiar Balaguer i Cabr\u00e9, as\u00ed como en la representaci\u00f3n nacional e internacional de diferentes bodegas de la DOQ Priorat y de otras DO.<\/p>\n<p>La elecci\u00f3n, por unanimidad, se ha producido esta ma\u00f1ana en el transcurso de la sesi\u00f3n plenaria celebrada en el Consejo Regulador de la DOQ Priorat y a la cual han asistido los miembros del Consejo Regulador.<\/p>\n<p>Tras su proclamaci\u00f3n, Balaguer ha destacado la l\u00ednea continuista en el desarrollo de los proyectos estrat\u00e9gicos del Consejo Regulador de la DOQ Priorat, donde destaca \u00abEls noms de la terra\u00bb (Los nombres de la tierra), la clasificaci\u00f3n de los vinos que elaboran las bodegas de la DOQ Priorat fijada en el origen: la tierra. Asimismo, Balaguer ha asegurado que la organizaci\u00f3n del Consejo Regulador estar\u00e1 estrechamente vinculada a las diversas comisiones de trabajo y que la figura del presidente tendr\u00e1 un car\u00e1cter protocolario.<\/p>\n<p>Todos los miembros del Consejo Regulador de la DOQ Priorat han coincidido en destacar la importante labor que desarroll\u00f3 el presidente de la entidad, Salus \u00c1lvarez, donde primaba el aprecio por el Priorat, el cuidado por la preservaci\u00f3n del territorio y garantizar que el cultivo de la vi\u00f1a fuese econ\u00f3micamente sostenible para todas las viticultoras y viticultores.<\/p>\n<p>Los miembros del censo del Consejo Regulador de la DOQ Priorat son los siguientes:<\/p>\n<p>&nbsp;<\/p>\n<p><strong>Censo A<\/strong><\/p>\n<p>Jordi Puxeu<\/p>\n<p>Andreu Toldr\u00e0<\/p>\n<p><em>Suplents<\/em><\/p>\n<p>Sabina Cubells<\/p>\n<p>Pau Peyr\u00ed<\/p>\n<p>&nbsp;<\/p>\n<p><strong>Censo B<\/strong><\/p>\n<p>Jordi Aixal\u00e0<\/p>\n<p>Jaume Balaguer<\/p>\n<p>Jordi Vidal<\/p>\n<p><em>Suplents<\/em><\/p>\n<p>Jon\u00e0s Macip<\/p>\n<p>Salvador Burgos<\/p>\n<p>Iduvina Olmedo<\/p>\n<p>&nbsp;<\/p>\n<p><strong>Censo D<\/strong><\/p>\n<p>Dami\u00e0 F\u00e0brega<\/p>\n<p>Jordi Foraster<\/p>\n<p>\u00c1lvaro Palacios<\/p>\n<p>Maria Merc\u00e8 Juncosa<\/p>\n<p>Ren\u00e9 Barbier<\/p>\n<p><em>Suplents<\/em><\/p>\n<p>Ona Farreras<\/p>\n<p>Marta Rovira<\/p>\n<p>Meritxell Pallej\u00e0<\/p>\n<p>Ricard Abella<\/p>\n<p>&nbsp;<\/p>\n<p>Los vocales t\u00e9cnicos son los siguientes: Elisabeth Masip i Xo\u00e1n Elorduy<\/p>\n<p>&nbsp;<\/p>\n","protected":false},"excerpt":{"rendered":"<p>Jaume Balaguer es proclamado presidente del Consejo Regulador de la [&hellip;]<\/p>\n","protected":false},"author":2,"featured_media":6254,"comment_status":"closed","ping_status":"closed","sticky":false,"template":"","format":"standard","meta":{"footnotes":""},"categories":[33],"tags":[],"class_list":["post-6256","post","type-post","status-publish","format-standard","has-post-thumbnail","hentry","category-notas-de-prensa"],"yoast_head":"<!-- This site is optimized with the Yoast SEO plugin v27.4 - https:\/\/yoast.com\/product\/yoast-seo-wordpress\/ -->\n<title>Jaume Balaguer es proclamado presidente del Consejo Regulador de la Denominaci\u00f3n de Origen Calificada Priorat - Consell Regulador de la DOQ Priorat<\/title>\n<meta name=\"robots\" content=\"index, follow, max-snippet:-1, max-image-preview:large, max-video-preview:-1\" \/>\n<link rel=\"canonical\" href=\"https:\/\/www.doqpriorat.org\/es\/notas-de-prensa\/jaume-balaguer-es-proclamado-presidente-del-consejo-regulador-de-la-denominacion-de-origen-calificada-priorat\/\" \/>\n<meta property=\"og:locale\" content=\"es_ES\" \/>\n<meta property=\"og:type\" content=\"article\" \/>\n<meta property=\"og:title\" content=\"Jaume Balaguer es proclamado presidente del Consejo Regulador de la Denominaci\u00f3n de Origen Calificada Priorat - Consell Regulador de la DOQ Priorat\" \/>\n<meta property=\"og:description\" content=\"Jaume Balaguer es proclamado presidente del Consejo Regulador de la [&hellip;]\" \/>\n<meta property=\"og:url\" content=\"https:\/\/www.doqpriorat.org\/es\/notas-de-prensa\/jaume-balaguer-es-proclamado-presidente-del-consejo-regulador-de-la-denominacion-de-origen-calificada-priorat\/\" \/>\n<meta property=\"og:site_name\" content=\"Consell Regulador de la DOQ Priorat\" \/>\n<meta property=\"article:published_time\" content=\"2026-04-27T12:10:36+00:00\" \/>\n<meta property=\"og:image\" content=\"https:\/\/www.doqpriorat.org\/wp-content\/uploads\/2026\/04\/JAUMEBALAGUERDOQPriorat-e1777291894216.jpeg\" \/>\n\t<meta property=\"og:image:width\" content=\"1200\" \/>\n\t<meta property=\"og:image:height\" content=\"885\" \/>\n\t<meta property=\"og:image:type\" content=\"image\/jpeg\" \/>\n<meta name=\"author\" content=\"gemmacasale\" \/>\n<meta name=\"twitter:card\" content=\"summary_large_image\" \/>\n<meta name=\"twitter:label1\" content=\"Escrito por\" \/>\n\t<meta name=\"twitter:data1\" content=\"gemmacasale\" \/>\n\t<meta name=\"twitter:label2\" content=\"Tiempo de lectura\" \/>\n\t<meta name=\"twitter:data2\" content=\"3 minutos\" \/>\n<script type=\"application\/ld+json\" class=\"yoast-schema-graph\">{\"@context\":\"https:\\\/\\\/schema.org\",\"@graph\":[{\"@type\":\"Article\",\"@id\":\"https:\\\/\\\/www.doqpriorat.org\\\/es\\\/notas-de-prensa\\\/jaume-balaguer-es-proclamado-presidente-del-consejo-regulador-de-la-denominacion-de-origen-calificada-priorat\\\/#article\",\"isPartOf\":{\"@id\":\"https:\\\/\\\/www.doqpriorat.org\\\/es\\\/notas-de-prensa\\\/jaume-balaguer-es-proclamado-presidente-del-consejo-regulador-de-la-denominacion-de-origen-calificada-priorat\\\/\"},\"author\":{\"name\":\"gemmacasale\",\"@id\":\"https:\\\/\\\/www.doqpriorat.org\\\/#\\\/schema\\\/person\\\/70bc8714a2410a39d0e85df59cddd905\"},\"headline\":\"Jaume Balaguer es proclamado presidente del Consejo Regulador de la Denominaci\u00f3n de Origen Calificada Priorat\",\"datePublished\":\"2026-04-27T12:10:36+00:00\",\"mainEntityOfPage\":{\"@id\":\"https:\\\/\\\/www.doqpriorat.org\\\/es\\\/notas-de-prensa\\\/jaume-balaguer-es-proclamado-presidente-del-consejo-regulador-de-la-denominacion-de-origen-calificada-priorat\\\/\"},\"wordCount\":434,\"image\":{\"@id\":\"https:\\\/\\\/www.doqpriorat.org\\\/es\\\/notas-de-prensa\\\/jaume-balaguer-es-proclamado-presidente-del-consejo-regulador-de-la-denominacion-de-origen-calificada-priorat\\\/#primaryimage\"},\"thumbnailUrl\":\"https:\\\/\\\/www.doqpriorat.org\\\/wp-content\\\/uploads\\\/2026\\\/04\\\/JAUMEBALAGUERDOQPriorat-e1777291894216.jpeg\",\"articleSection\":[\"Notas de prensa\"],\"inLanguage\":\"es\"},{\"@type\":\"WebPage\",\"@id\":\"https:\\\/\\\/www.doqpriorat.org\\\/es\\\/notas-de-prensa\\\/jaume-balaguer-es-proclamado-presidente-del-consejo-regulador-de-la-denominacion-de-origen-calificada-priorat\\\/\",\"url\":\"https:\\\/\\\/www.doqpriorat.org\\\/es\\\/notas-de-prensa\\\/jaume-balaguer-es-proclamado-presidente-del-consejo-regulador-de-la-denominacion-de-origen-calificada-priorat\\\/\",\"name\":\"Jaume Balaguer es proclamado presidente del Consejo Regulador de la Denominaci\u00f3n de Origen Calificada Priorat - Consell Regulador de la DOQ Priorat\",\"isPartOf\":{\"@id\":\"https:\\\/\\\/www.doqpriorat.org\\\/#website\"},\"primaryImageOfPage\":{\"@id\":\"https:\\\/\\\/www.doqpriorat.org\\\/es\\\/notas-de-prensa\\\/jaume-balaguer-es-proclamado-presidente-del-consejo-regulador-de-la-denominacion-de-origen-calificada-priorat\\\/#primaryimage\"},\"image\":{\"@id\":\"https:\\\/\\\/www.doqpriorat.org\\\/es\\\/notas-de-prensa\\\/jaume-balaguer-es-proclamado-presidente-del-consejo-regulador-de-la-denominacion-de-origen-calificada-priorat\\\/#primaryimage\"},\"thumbnailUrl\":\"https:\\\/\\\/www.doqpriorat.org\\\/wp-content\\\/uploads\\\/2026\\\/04\\\/JAUMEBALAGUERDOQPriorat-e1777291894216.jpeg\",\"datePublished\":\"2026-04-27T12:10:36+00:00\",\"author\":{\"@id\":\"https:\\\/\\\/www.doqpriorat.org\\\/#\\\/schema\\\/person\\\/70bc8714a2410a39d0e85df59cddd905\"},\"breadcrumb\":{\"@id\":\"https:\\\/\\\/www.doqpriorat.org\\\/es\\\/notas-de-prensa\\\/jaume-balaguer-es-proclamado-presidente-del-consejo-regulador-de-la-denominacion-de-origen-calificada-priorat\\\/#breadcrumb\"},\"inLanguage\":\"es\",\"potentialAction\":[{\"@type\":\"ReadAction\",\"target\":[\"https:\\\/\\\/www.doqpriorat.org\\\/es\\\/notas-de-prensa\\\/jaume-balaguer-es-proclamado-presidente-del-consejo-regulador-de-la-denominacion-de-origen-calificada-priorat\\\/\"]}]},{\"@type\":\"ImageObject\",\"inLanguage\":\"es\",\"@id\":\"https:\\\/\\\/www.doqpriorat.org\\\/es\\\/notas-de-prensa\\\/jaume-balaguer-es-proclamado-presidente-del-consejo-regulador-de-la-denominacion-de-origen-calificada-priorat\\\/#primaryimage\",\"url\":\"https:\\\/\\\/www.doqpriorat.org\\\/wp-content\\\/uploads\\\/2026\\\/04\\\/JAUMEBALAGUERDOQPriorat-e1777291894216.jpeg\",\"contentUrl\":\"https:\\\/\\\/www.doqpriorat.org\\\/wp-content\\\/uploads\\\/2026\\\/04\\\/JAUMEBALAGUERDOQPriorat-e1777291894216.jpeg\",\"width\":1200,\"height\":885},{\"@type\":\"BreadcrumbList\",\"@id\":\"https:\\\/\\\/www.doqpriorat.org\\\/es\\\/notas-de-prensa\\\/jaume-balaguer-es-proclamado-presidente-del-consejo-regulador-de-la-denominacion-de-origen-calificada-priorat\\\/#breadcrumb\",\"itemListElement\":[{\"@type\":\"ListItem\",\"position\":1,\"name\":\"Inici\",\"item\":\"https:\\\/\\\/www.doqpriorat.org\\\/es\\\/\"},{\"@type\":\"ListItem\",\"position\":2,\"name\":\"Jaume Balaguer es proclamado presidente del Consejo Regulador de la Denominaci\u00f3n de Origen Calificada Priorat\"}]},{\"@type\":\"WebSite\",\"@id\":\"https:\\\/\\\/www.doqpriorat.org\\\/#website\",\"url\":\"https:\\\/\\\/www.doqpriorat.org\\\/\",\"name\":\"Consell Regulador de la DOQ Priorat\",\"description\":\"Altre lloc gestionat amb el WordPress\",\"potentialAction\":[{\"@type\":\"SearchAction\",\"target\":{\"@type\":\"EntryPoint\",\"urlTemplate\":\"https:\\\/\\\/www.doqpriorat.org\\\/?s={search_term_string}\"},\"query-input\":{\"@type\":\"PropertyValueSpecification\",\"valueRequired\":true,\"valueName\":\"search_term_string\"}}],\"inLanguage\":\"es\"},{\"@type\":\"Person\",\"@id\":\"https:\\\/\\\/www.doqpriorat.org\\\/#\\\/schema\\\/person\\\/70bc8714a2410a39d0e85df59cddd905\",\"name\":\"gemmacasale\",\"image\":{\"@type\":\"ImageObject\",\"inLanguage\":\"es\",\"@id\":\"https:\\\/\\\/secure.gravatar.com\\\/avatar\\\/624813cd4ff554d83bf42804dc50388871d02c83173a4ed8f1dfc5e66b1c1d38?s=96&d=mm&r=g\",\"url\":\"https:\\\/\\\/secure.gravatar.com\\\/avatar\\\/624813cd4ff554d83bf42804dc50388871d02c83173a4ed8f1dfc5e66b1c1d38?s=96&d=mm&r=g\",\"contentUrl\":\"https:\\\/\\\/secure.gravatar.com\\\/avatar\\\/624813cd4ff554d83bf42804dc50388871d02c83173a4ed8f1dfc5e66b1c1d38?s=96&d=mm&r=g\",\"caption\":\"gemmacasale\"},\"url\":\"https:\\\/\\\/www.doqpriorat.org\\\/es\\\/author\\\/gemmacasale\\\/\"}]}<\/script>\n<!-- \/ Yoast SEO plugin. -->","yoast_head_json":{"title":"Jaume Balaguer es proclamado presidente del Consejo Regulador de la Denominaci\u00f3n de Origen Calificada Priorat - Consell Regulador de la DOQ Priorat","robots":{"index":"index","follow":"follow","max-snippet":"max-snippet:-1","max-image-preview":"max-image-preview:large","max-video-preview":"max-video-preview:-1"},"canonical":"https:\/\/www.doqpriorat.org\/es\/notas-de-prensa\/jaume-balaguer-es-proclamado-presidente-del-consejo-regulador-de-la-denominacion-de-origen-calificada-priorat\/","og_locale":"es_ES","og_type":"article","og_title":"Jaume Balaguer es proclamado presidente del Consejo Regulador de la Denominaci\u00f3n de Origen Calificada Priorat - Consell Regulador de la DOQ Priorat","og_description":"Jaume Balaguer es proclamado presidente del Consejo Regulador de la [&hellip;]","og_url":"https:\/\/www.doqpriorat.org\/es\/notas-de-prensa\/jaume-balaguer-es-proclamado-presidente-del-consejo-regulador-de-la-denominacion-de-origen-calificada-priorat\/","og_site_name":"Consell Regulador de la DOQ Priorat","article_published_time":"2026-04-27T12:10:36+00:00","og_image":[{"width":1200,"height":885,"url":"https:\/\/www.doqpriorat.org\/wp-content\/uploads\/2026\/04\/JAUMEBALAGUERDOQPriorat-e1777291894216.jpeg","type":"image\/jpeg"}],"author":"gemmacasale","twitter_card":"summary_large_image","twitter_misc":{"Escrito por":"gemmacasale","Tiempo de lectura":"3 minutos"},"schema":{"@context":"https:\/\/schema.org","@graph":[{"@type":"Article","@id":"https:\/\/www.doqpriorat.org\/es\/notas-de-prensa\/jaume-balaguer-es-proclamado-presidente-del-consejo-regulador-de-la-denominacion-de-origen-calificada-priorat\/#article","isPartOf":{"@id":"https:\/\/www.doqpriorat.org\/es\/notas-de-prensa\/jaume-balaguer-es-proclamado-presidente-del-consejo-regulador-de-la-denominacion-de-origen-calificada-priorat\/"},"author":{"name":"gemmacasale","@id":"https:\/\/www.doqpriorat.org\/#\/schema\/person\/70bc8714a2410a39d0e85df59cddd905"},"headline":"Jaume Balaguer es proclamado presidente del Consejo Regulador de la Denominaci\u00f3n de Origen Calificada Priorat","datePublished":"2026-04-27T12:10:36+00:00","mainEntityOfPage":{"@id":"https:\/\/www.doqpriorat.org\/es\/notas-de-prensa\/jaume-balaguer-es-proclamado-presidente-del-consejo-regulador-de-la-denominacion-de-origen-calificada-priorat\/"},"wordCount":434,"image":{"@id":"https:\/\/www.doqpriorat.org\/es\/notas-de-prensa\/jaume-balaguer-es-proclamado-presidente-del-consejo-regulador-de-la-denominacion-de-origen-calificada-priorat\/#primaryimage"},"thumbnailUrl":"https:\/\/www.doqpriorat.org\/wp-content\/uploads\/2026\/04\/JAUMEBALAGUERDOQPriorat-e1777291894216.jpeg","articleSection":["Notas de prensa"],"inLanguage":"es"},{"@type":"WebPage","@id":"https:\/\/www.doqpriorat.org\/es\/notas-de-prensa\/jaume-balaguer-es-proclamado-presidente-del-consejo-regulador-de-la-denominacion-de-origen-calificada-priorat\/","url":"https:\/\/www.doqpriorat.org\/es\/notas-de-prensa\/jaume-balaguer-es-proclamado-presidente-del-consejo-regulador-de-la-denominacion-de-origen-calificada-priorat\/","name":"Jaume Balaguer es proclamado presidente del Consejo Regulador de la Denominaci\u00f3n de Origen Calificada Priorat - Consell Regulador de la DOQ Priorat","isPartOf":{"@id":"https:\/\/www.doqpriorat.org\/#website"},"primaryImageOfPage":{"@id":"https:\/\/www.doqpriorat.org\/es\/notas-de-prensa\/jaume-balaguer-es-proclamado-presidente-del-consejo-regulador-de-la-denominacion-de-origen-calificada-priorat\/#primaryimage"},"image":{"@id":"https:\/\/www.doqpriorat.org\/es\/notas-de-prensa\/jaume-balaguer-es-proclamado-presidente-del-consejo-regulador-de-la-denominacion-de-origen-calificada-priorat\/#primaryimage"},"thumbnailUrl":"https:\/\/www.doqpriorat.org\/wp-content\/uploads\/2026\/04\/JAUMEBALAGUERDOQPriorat-e1777291894216.jpeg","datePublished":"2026-04-27T12:10:36+00:00","author":{"@id":"https:\/\/www.doqpriorat.org\/#\/schema\/person\/70bc8714a2410a39d0e85df59cddd905"},"breadcrumb":{"@id":"https:\/\/www.doqpriorat.org\/es\/notas-de-prensa\/jaume-balaguer-es-proclamado-presidente-del-consejo-regulador-de-la-denominacion-de-origen-calificada-priorat\/#breadcrumb"},"inLanguage":"es","potentialAction":[{"@type":"ReadAction","target":["https:\/\/www.doqpriorat.org\/es\/notas-de-prensa\/jaume-balaguer-es-proclamado-presidente-del-consejo-regulador-de-la-denominacion-de-origen-calificada-priorat\/"]}]},{"@type":"ImageObject","inLanguage":"es","@id":"https:\/\/www.doqpriorat.org\/es\/notas-de-prensa\/jaume-balaguer-es-proclamado-presidente-del-consejo-regulador-de-la-denominacion-de-origen-calificada-priorat\/#primaryimage","url":"https:\/\/www.doqpriorat.org\/wp-content\/uploads\/2026\/04\/JAUMEBALAGUERDOQPriorat-e1777291894216.jpeg","contentUrl":"https:\/\/www.doqpriorat.org\/wp-content\/uploads\/2026\/04\/JAUMEBALAGUERDOQPriorat-e1777291894216.jpeg","width":1200,"height":885},{"@type":"BreadcrumbList","@id":"https:\/\/www.doqpriorat.org\/es\/notas-de-prensa\/jaume-balaguer-es-proclamado-presidente-del-consejo-regulador-de-la-denominacion-de-origen-calificada-priorat\/#breadcrumb","itemListElement":[{"@type":"ListItem","position":1,"name":"Inici","item":"https:\/\/www.doqpriorat.org\/es\/"},{"@type":"ListItem","position":2,"name":"Jaume Balaguer es proclamado presidente del Consejo Regulador de la Denominaci\u00f3n de Origen Calificada Priorat"}]},{"@type":"WebSite","@id":"https:\/\/www.doqpriorat.org\/#website","url":"https:\/\/www.doqpriorat.org\/","name":"Consell Regulador de la DOQ Priorat","description":"Altre lloc gestionat amb el WordPress","potentialAction":[{"@type":"SearchAction","target":{"@type":"EntryPoint","urlTemplate":"https:\/\/www.doqpriorat.org\/?s={search_term_string}"},"query-input":{"@type":"PropertyValueSpecification","valueRequired":true,"valueName":"search_term_string"}}],"inLanguage":"es"},{"@type":"Person","@id":"https:\/\/www.doqpriorat.org\/#\/schema\/person\/70bc8714a2410a39d0e85df59cddd905","name":"gemmacasale","image":{"@type":"ImageObject","inLanguage":"es","@id":"https:\/\/secure.gravatar.com\/avatar\/624813cd4ff554d83bf42804dc50388871d02c83173a4ed8f1dfc5e66b1c1d38?s=96&d=mm&r=g","url":"https:\/\/secure.gravatar.com\/avatar\/624813cd4ff554d83bf42804dc50388871d02c83173a4ed8f1dfc5e66b1c1d38?s=96&d=mm&r=g","contentUrl":"https:\/\/secure.gravatar.com\/avatar\/624813cd4ff554d83bf42804dc50388871d02c83173a4ed8f1dfc5e66b1c1d38?s=96&d=mm&r=g","caption":"gemmacasale"},"url":"https:\/\/www.doqpriorat.org\/es\/author\/gemmacasale\/"}]}},"_links":{"self":[{"href":"https:\/\/www.doqpriorat.org\/es\/wp-json\/wp\/v2\/posts\/6256","targetHints":{"allow":["GET"]}}],"collection":[{"href":"https:\/\/www.doqpriorat.org\/es\/wp-json\/wp\/v2\/posts"}],"about":[{"href":"https:\/\/www.doqpriorat.org\/es\/wp-json\/wp\/v2\/types\/post"}],"author":[{"embeddable":true,"href":"https:\/\/www.doqpriorat.org\/es\/wp-json\/wp\/v2\/users\/2"}],"replies":[{"embeddable":true,"href":"https:\/\/www.doqpriorat.org\/es\/wp-json\/wp\/v2\/comments?post=6256"}],"version-history":[{"count":1,"href":"https:\/\/www.doqpriorat.org\/es\/wp-json\/wp\/v2\/posts\/6256\/revisions"}],"predecessor-version":[{"id":6257,"href":"https:\/\/www.doqpriorat.org\/es\/wp-json\/wp\/v2\/posts\/6256\/revisions\/6257"}],"wp:featuredmedia":[{"embeddable":true,"href":"https:\/\/www.doqpriorat.org\/es\/wp-json\/wp\/v2\/media\/6254"}],"wp:attachment":[{"href":"https:\/\/www.doqpriorat.org\/es\/wp-json\/wp\/v2\/media?parent=6256"}],"wp:term":[{"taxonomy":"category","embeddable":true,"href":"https:\/\/www.doqpriorat.org\/es\/wp-json\/wp\/v2\/categories?post=6256"},{"taxonomy":"post_tag","embeddable":true,"href":"https:\/\/www.doqpriorat.org\/es\/wp-json\/wp\/v2\/tags?post=6256"}],"curies":[{"name":"wp","href":"https:\/\/api.w.org\/{rel}","templated":true}]}}